{"id":8986,"date":"2023-10-27T12:24:59","date_gmt":"2023-10-27T15:24:59","guid":{"rendered":"https:\/\/diariorepublica.com.ar\/web\/?p=8986"},"modified":"2023-10-27T12:25:01","modified_gmt":"2023-10-27T15:25:01","slug":"catamarca-trabaja-en-la-planificacion-del-turismo-minero","status":"publish","type":"post","link":"https:\/\/diariorepublica.com.ar\/web\/index.php\/sociedad\/2023\/10\/27\/catamarca-trabaja-en-la-planificacion-del-turismo-minero\/","title":{"rendered":"Catamarca trabaja en la planificaci\u00f3n del Turismo Minero"},"content":{"rendered":"<p>El Ministerio de Cultura, Turismo y Deporte y CAMYEN comenzaron a trabajar de manera conjunta con el fin de avanzar en los lineamientos para el desarrollo del turismo minero en Minas Capillitas, Andalgal\u00e1.<\/p>\n<p>Con este objetivo se reunieron la secretaria de Gesti\u00f3n Tur\u00edstica Evangelina Quar\u00edn junto a su equipo y las autoridades de la empresa CAMYEN, encabezada por su presidenta Susana Peralta y la vice Natalia Dusso en un encuentro donde se plantearon los criterios necesarios a tener en cuenta para que la mina pueda incorporar, dentro de sus actividades, la visita de turistas en sus instalaciones y poder ofrecer as\u00ed una nueva experiencia tur\u00edstica en el destino.<\/p>\n<p>Desde la Secretar\u00eda de Gesti\u00f3n Tur\u00edstica, a trav\u00e9s de la Direcci\u00f3n Provincial de Desarrollo y Oferta Tur\u00edstica, se realiz\u00f3 un trabajo de campo para los relevamientos previos a fin de ajustar las tareas e intervenciones necesarias en las instalaciones para la apertura a los futuros visitantes, abriendo de esta manera la agenda de trabajo que implicar\u00e1 la articulaci\u00f3n y cooperaci\u00f3n de varios actores, quienes ser\u00e1n los responsables junto a la empresa, de llevar adelante la propuesta y comercializaci\u00f3n de este futuro producto.<\/p>\n<p>La propuesta incluye comenzar a trabajar tambi\u00e9n sobre la posibilidad que tiene la empresa hoy de hacer inversiones o intervenciones arrancando sobre un trabajo que vendr\u00e1 m\u00e1s adelante en el cual tambi\u00e9n se van a incorporar nuevos actores, como son las agencias de viajes, gu\u00edas locales y el \u00e1rea de turismo de Andalgal\u00e1.<\/p>\n<p>\u201cBuscamos generar m\u00e1s oferta en circuitos y productos para los turistas, y este es un sector que tiene much\u00edsimo potencial que, creemos, puede contribuir al desarrollo del turismo en Andalgal\u00e1\u201d, destac\u00f3 Quar\u00edn.<\/p>\n","protected":false},"excerpt":{"rendered":"<p>El Ministerio de Cultura, Turismo y Deporte y CAMYEN comenzaron a trabajar de manera conjunta con el fin de avanzar<\/p>\n","protected":false},"author":1,"featured_media":8987,"comment_status":"closed","ping_status":"closed","sticky":false,"template":"","format":"standard","meta":{"footnotes":"","jetpack_publicize_message":"","jetpack_publicize_feature_enabled":true,"jetpack_social_post_already_shared":true,"jetpack_social_options":{"image_generator_settings":{"template":"highway","enabled":false},"version":2}},"categories":[3],"tags":[],"class_list":["post-8986","post","type-post","status-publish","format-standard","has-post-thumbnail","hentry","category-sociedad"],"jetpack_publicize_connections":[],"_links":{"self":[{"href":"https:\/\/diariorepublica.com.ar\/web\/index.php\/wp-json\/wp\/v2\/posts\/8986"}],"collection":[{"href":"https:\/\/diariorepublica.com.ar\/web\/index.php\/wp-json\/wp\/v2\/posts"}],"about":[{"href":"https:\/\/diariorepublica.com.ar\/web\/index.php\/wp-json\/wp\/v2\/types\/post"}],"author":[{"embeddable":true,"href":"https:\/\/diariorepublica.com.ar\/web\/index.php\/wp-json\/wp\/v2\/users\/1"}],"replies":[{"embeddable":true,"href":"https:\/\/diariorepublica.com.ar\/web\/index.php\/wp-json\/wp\/v2\/comments?post=8986"}],"version-history":[{"count":1,"href":"https:\/\/diariorepublica.com.ar\/web\/index.php\/wp-json\/wp\/v2\/posts\/8986\/revisions"}],"predecessor-version":[{"id":8988,"href":"https:\/\/diariorepublica.com.ar\/web\/index.php\/wp-json\/wp\/v2\/posts\/8986\/revisions\/8988"}],"wp:featuredmedia":[{"embeddable":true,"href":"https:\/\/diariorepublica.com.ar\/web\/index.php\/wp-json\/wp\/v2\/media\/8987"}],"wp:attachment":[{"href":"https:\/\/diariorepublica.com.ar\/web\/index.php\/wp-json\/wp\/v2\/media?parent=8986"}],"wp:term":[{"taxonomy":"category","embeddable":true,"href":"https:\/\/diariorepublica.com.ar\/web\/index.php\/wp-json\/wp\/v2\/categories?post=8986"},{"taxonomy":"post_tag","embeddable":true,"href":"https:\/\/diariorepublica.com.ar\/web\/index.php\/wp-json\/wp\/v2\/tags?post=8986"}],"curies":[{"name":"wp","href":"https:\/\/api.w.org\/{rel}","templated":true}]}}