{"id":8989,"date":"2023-10-27T12:25:47","date_gmt":"2023-10-27T15:25:47","guid":{"rendered":"https:\/\/diariorepublica.com.ar\/web\/?p=8989"},"modified":"2023-10-27T12:25:48","modified_gmt":"2023-10-27T15:25:48","slug":"el-paso-san-francisco-volvera-a-estar-habilitado-de-manera-permanente","status":"publish","type":"post","link":"https:\/\/diariorepublica.com.ar\/web\/index.php\/locales\/2023\/10\/27\/el-paso-san-francisco-volvera-a-estar-habilitado-de-manera-permanente\/","title":{"rendered":"El Paso San Francisco volver\u00e1 a estar habilitado de manera permanente"},"content":{"rendered":"<p>Merced a gestiones que vino realizando el Gobierno Provincial,\u00a0<strong><em>el Paso Internacional San Francisco volver\u00e1 a estar habilitado de manera permanente desde el mes de noviembre<\/em><\/strong>\u00a0luego de tres a\u00f1os en que estuvo, primero inactivo, y luego con el transporte interjurisdiccional de manera parcial.<\/p>\n<p>La noticia, que fue dada por autoridades chilenas luego de la culminaci\u00f3n de obras en el centro de frontera Maricunga, fue recibida con benepl\u00e1cito por el ministro de Industria, Comercio y Empleo, Lisandro \u00c1varez, junto al secretario de Relaciones Internacionales, Gabriel Molina, quienes encararon las gestiones ante el Ministerio del Interior de la Naci\u00f3n, los organismos competentes argentinos y del vecino pa\u00eds para la normalizaci\u00f3n del tr\u00e1nsito por el paso catamarque\u00f1o.<\/p>\n<p>La paralizaci\u00f3n del tr\u00e1nsito normal se debi\u00f3 a que no estaba en funcionamiento el centro de frontera chileno, y el gobernador Ra\u00fal Jalil dio expresas instrucciones para que se gestione la pronta habilitaci\u00f3n del Paso, necesario tanto por el intercambio tur\u00edstico, pero especialmente para el transporte comercial y log\u00edstico.<\/p>\n<p>El ministro \u00c1lvarez, a cargo del Ministerio de Integraci\u00f3n Regional, Log\u00edstica y Transporte, sostuvo que \u201cla habilitaci\u00f3n del Paso San Francisco es un tema central que el gobernador nos encarg\u00f3 que agiliz\u00e1ramos y hoy recibimos esta buena noticia\u201d.<\/p>\n<p>El funcionario destac\u00f3 que el paso fronterizo es uno de los m\u00e1s importantes del pa\u00eds, y que su funcionamiento trae aparejado \u201cenormes beneficios: el comercio internacional lo pide, para el turismo es clave, el transporte log\u00edstico para la zona minera se agiliza mucho con el paso. Tambi\u00e9n, si el de Mendoza est\u00e1 cerrado por cuestiones clim\u00e1ticas, se reciben m\u00faltiples consultas para transitar por San Francisco\u201d.<\/p>\n<p>En este tiempo, el gobierno provincial aport\u00f3 obras para optimizar la labor del centro de frontera. Entre ellas, se instalaron un hospital modular, la red 4G de la empresa Personal, un parque fotovoltaico para el mejoramiento energ\u00e9tico de las instalaciones, mientras que se espera la instalaci\u00f3n de un scanner valija para mejor control del equipaje de los usuarios del Paso.<\/p>\n","protected":false},"excerpt":{"rendered":"<p>Merced a gestiones que vino realizando el Gobierno Provincial,\u00a0el Paso Internacional San Francisco volver\u00e1 a estar habilitado de manera permanente<\/p>\n","protected":false},"author":1,"featured_media":8990,"comment_status":"closed","ping_status":"closed","sticky":false,"template":"","format":"standard","meta":{"footnotes":"","jetpack_publicize_message":"","jetpack_publicize_feature_enabled":true,"jetpack_social_post_already_shared":true,"jetpack_social_options":{"image_generator_settings":{"template":"highway","enabled":false},"version":2}},"categories":[2],"tags":[],"class_list":["post-8989","post","type-post","status-publish","format-standard","has-post-thumbnail","hentry","category-locales"],"jetpack_publicize_connections":[],"_links":{"self":[{"href":"https:\/\/diariorepublica.com.ar\/web\/index.php\/wp-json\/wp\/v2\/posts\/8989"}],"collection":[{"href":"https:\/\/diariorepublica.com.ar\/web\/index.php\/wp-json\/wp\/v2\/posts"}],"about":[{"href":"https:\/\/diariorepublica.com.ar\/web\/index.php\/wp-json\/wp\/v2\/types\/post"}],"author":[{"embeddable":true,"href":"https:\/\/diariorepublica.com.ar\/web\/index.php\/wp-json\/wp\/v2\/users\/1"}],"replies":[{"embeddable":true,"href":"https:\/\/diariorepublica.com.ar\/web\/index.php\/wp-json\/wp\/v2\/comments?post=8989"}],"version-history":[{"count":1,"href":"https:\/\/diariorepublica.com.ar\/web\/index.php\/wp-json\/wp\/v2\/posts\/8989\/revisions"}],"predecessor-version":[{"id":8991,"href":"https:\/\/diariorepublica.com.ar\/web\/index.php\/wp-json\/wp\/v2\/posts\/8989\/revisions\/8991"}],"wp:featuredmedia":[{"embeddable":true,"href":"https:\/\/diariorepublica.com.ar\/web\/index.php\/wp-json\/wp\/v2\/media\/8990"}],"wp:attachment":[{"href":"https:\/\/diariorepublica.com.ar\/web\/index.php\/wp-json\/wp\/v2\/media?parent=8989"}],"wp:term":[{"taxonomy":"category","embeddable":true,"href":"https:\/\/diariorepublica.com.ar\/web\/index.php\/wp-json\/wp\/v2\/categories?post=8989"},{"taxonomy":"post_tag","embeddable":true,"href":"https:\/\/diariorepublica.com.ar\/web\/index.php\/wp-json\/wp\/v2\/tags?post=8989"}],"curies":[{"name":"wp","href":"https:\/\/api.w.org\/{rel}","templated":true}]}}