{"id":8992,"date":"2023-10-27T11:30:00","date_gmt":"2023-10-27T14:30:00","guid":{"rendered":"https:\/\/diariorepublica.com.ar\/web\/?p=8992"},"modified":"2023-10-27T12:31:22","modified_gmt":"2023-10-27T15:31:22","slug":"llego-al-pais-el-cuarto-vuelo-con-247-argentinos-repatriados-de-israel","status":"publish","type":"post","link":"https:\/\/diariorepublica.com.ar\/web\/index.php\/nacionales\/2023\/10\/27\/llego-al-pais-el-cuarto-vuelo-con-247-argentinos-repatriados-de-israel\/","title":{"rendered":"Lleg\u00f3 al pa\u00eds el cuarto vuelo con 247 argentinos repatriados de Israel"},"content":{"rendered":"<article id=\"article-post\" class=\"first\">\n<div class=\"cuerpo\" data-twitter-link=\"https:\/\/twitter.com\/intent\/tweet?url=https:\/\/www.diariopopular.com.ar\/c750981&amp;via=poopulardiario&amp;related=Popular&amp;text=\">\n<p>Un cuarto vuelo de<strong>\u00a0Aerol\u00edneas Argentinas<\/strong>\u00a0que transport\u00f3 desde Roma a un nuevo grupo de argentinos desde Israel arrib\u00f3 este viernes al pa\u00eds con 247 personas repatriadas, en la continuidad del operativo<strong>\u00a0\u00abRegreso Seguro\u00bb.<\/strong><\/p>\n<\/div>\n<\/article>\n<article id=\"article-post\">\n<div class=\"cuerpo\" data-twitter-link=\"https:\/\/twitter.com\/intent\/tweet?url=https:\/\/www.diariopopular.com.ar\/c750981&amp;via=poopulardiario&amp;related=Popular&amp;text=\">\n<p>La aeronave Airbus 330-200, matr\u00edcula LV-GIF, parti\u00f3 de Roma el jueves a las 17.19 de Argentina y aterriz\u00f3 en el aeropuerto internacional de Ezeiza a las 7.30 de este viernes.<\/p>\n<p>Luego de los tr\u00e1mites migratorios y la recolecci\u00f3n de equipajes, los pasajeros fueron trasladados en micro hasta la zona del hangar 5 de Aerol\u00edneas Argentinas, donde los esperaban familiares y allegados.<\/p>\n<p>El avi\u00f3n hab\u00eda partido desde el aeropuerto Ministro Pistarini en la madrugada del jueves, para llegar al de Fiumicino con el objetivo de completar el traslado de los argentinos y argentinas que se encontraban en Israel al momento en que recrudeci\u00f3 el conflicto por los ataques perpetrados por la organizaci\u00f3n Ham\u00e1s el 7 de octubre pasado.<\/p>\n<p>En el aeropuerto aguardaban 247 personas, de los cuales 8 eran ni\u00f1os, que hab\u00edan sido trasladados desde Tel Aviv por los aviones H\u00e9rcules C-130 y Boeing 737 de la Fuerza A\u00e9rea Argentina, en el marco del operativo \u00abRegreso Seguro\u00bb instrumentado en forma conjunta por la Canciller\u00eda argentina, la Fuerza A\u00e9rea y Aerol\u00edneas Argentinas.<\/p>\n<p>Una vez embarcados los argentinos y reabastecido de combustible, la aeronave emprendi\u00f3 el regreso hacia Buenos Aires.<\/p>\n<p>Fuentes vinculadas con el operativo indicaron que hasta el momento son alrededor de 1.100 los argentinos repatriados en los vuelos de Aerol\u00edneas Argentinas, a los que hay que sumar aquellos que regresaron por otros medios.<\/p>\n<\/div>\n<\/article>\n","protected":false},"excerpt":{"rendered":"<p>Un cuarto vuelo de\u00a0Aerol\u00edneas Argentinas\u00a0que transport\u00f3 desde Roma a un nuevo grupo de argentinos desde Israel arrib\u00f3 este viernes al<\/p>\n","protected":false},"author":1,"featured_media":8993,"comment_status":"closed","ping_status":"closed","sticky":false,"template":"","format":"standard","meta":{"footnotes":"","jetpack_publicize_message":"","jetpack_publicize_feature_enabled":true,"jetpack_social_post_already_shared":true,"jetpack_social_options":{"image_generator_settings":{"template":"highway","enabled":false},"version":2}},"categories":[4],"tags":[],"class_list":["post-8992","post","type-post","status-publish","format-standard","has-post-thumbnail","hentry","category-nacionales"],"jetpack_publicize_connections":[],"_links":{"self":[{"href":"https:\/\/diariorepublica.com.ar\/web\/index.php\/wp-json\/wp\/v2\/posts\/8992"}],"collection":[{"href":"https:\/\/diariorepublica.com.ar\/web\/index.php\/wp-json\/wp\/v2\/posts"}],"about":[{"href":"https:\/\/diariorepublica.com.ar\/web\/index.php\/wp-json\/wp\/v2\/types\/post"}],"author":[{"embeddable":true,"href":"https:\/\/diariorepublica.com.ar\/web\/index.php\/wp-json\/wp\/v2\/users\/1"}],"replies":[{"embeddable":true,"href":"https:\/\/diariorepublica.com.ar\/web\/index.php\/wp-json\/wp\/v2\/comments?post=8992"}],"version-history":[{"count":1,"href":"https:\/\/diariorepublica.com.ar\/web\/index.php\/wp-json\/wp\/v2\/posts\/8992\/revisions"}],"predecessor-version":[{"id":8994,"href":"https:\/\/diariorepublica.com.ar\/web\/index.php\/wp-json\/wp\/v2\/posts\/8992\/revisions\/8994"}],"wp:featuredmedia":[{"embeddable":true,"href":"https:\/\/diariorepublica.com.ar\/web\/index.php\/wp-json\/wp\/v2\/media\/8993"}],"wp:attachment":[{"href":"https:\/\/diariorepublica.com.ar\/web\/index.php\/wp-json\/wp\/v2\/media?parent=8992"}],"wp:term":[{"taxonomy":"category","embeddable":true,"href":"https:\/\/diariorepublica.com.ar\/web\/index.php\/wp-json\/wp\/v2\/categories?post=8992"},{"taxonomy":"post_tag","embeddable":true,"href":"https:\/\/diariorepublica.com.ar\/web\/index.php\/wp-json\/wp\/v2\/tags?post=8992"}],"curies":[{"name":"wp","href":"https:\/\/api.w.org\/{rel}","templated":true}]}}