{"id":8995,"date":"2023-10-27T12:33:27","date_gmt":"2023-10-27T15:33:27","guid":{"rendered":"https:\/\/diariorepublica.com.ar\/web\/?p=8995"},"modified":"2023-10-27T12:33:29","modified_gmt":"2023-10-27T15:33:29","slug":"advierten-que-escasez-de-combustible-puede-durar-semanas","status":"publish","type":"post","link":"https:\/\/diariorepublica.com.ar\/web\/index.php\/economia\/2023\/10\/27\/advierten-que-escasez-de-combustible-puede-durar-semanas\/","title":{"rendered":"\u00a0Advierten que escasez de combustible puede durar semanas"},"content":{"rendered":"<p>El presidente Federaci\u00f3n de Expendedores de Naftas del Interior, Alberto Boz, estim\u00f3 que la escasez de combustibles se puede extender por varias semanas m\u00e1s, y asegur\u00f3 que el motivo de esta situaci\u00f3n es la falta de d\u00f3lares para importar.<\/p>\n<p>\u00abEl punto crucial es que no existen d\u00f3lares para importar lo que necesitamos, que es b\u00e1sicamente nafta s\u00faper y gasoil grado 2\u00bb, se\u00f1al\u00f3 el dirigente.<\/p>\n<p>Seg\u00fan Boz: \u00abNo hay una soluci\u00f3n r\u00e1pida frente a esto. El tema es que aparezcan los d\u00f3lares para importar. \u00abel Gobierno nacional est\u00e1 en tema pero soluciones m\u00e1gicas no hay. Y en el medio hay elecciones. Por eso creo que hasta el 10 de diciembre vamos a estar viviendo estos quiebres de stock\u00bb.<\/p>\n<p>El empresario explic\u00f3: \u00abNo se est\u00e1 pudiendo importar con la rapidez necesaria por la falta de d\u00f3lares. En consecuencia, las estaciones de servicio de todas las banderas establecen cuotas para el expendio, en funci\u00f3n de la provisi\u00f3n que reciben. Es el d\u00eda a d\u00eda\u00bb.<\/p>\n<p>En declaraciones televisivas, Boz puntualiz\u00f3 que el pa\u00eds importa entre el 12% y el 15% de la nafta s\u00faper que se consume en el mercado interno, y entre el 15% y el 22% del gasoil grado 2.<\/p>\n<p>\u00abLa producci\u00f3n local no alcanza para cubrir la demanda, que se ve incrementada por el agro y el transporte. Si bien todas las destiler\u00edas de todas las petroleras van preparando al crudo de Vaca Muerta, todav\u00eda se necesita importar\u00bb, grafic\u00f3 el dirigente.<\/p>\n","protected":false},"excerpt":{"rendered":"<p>El presidente Federaci\u00f3n de Expendedores de Naftas del Interior, Alberto Boz, estim\u00f3 que la escasez de combustibles se puede extender<\/p>\n","protected":false},"author":1,"featured_media":8996,"comment_status":"closed","ping_status":"closed","sticky":false,"template":"","format":"standard","meta":{"footnotes":"","jetpack_publicize_message":"","jetpack_publicize_feature_enabled":true,"jetpack_social_post_already_shared":true,"jetpack_social_options":{"image_generator_settings":{"template":"highway","enabled":false},"version":2}},"categories":[5],"tags":[],"class_list":["post-8995","post","type-post","status-publish","format-standard","has-post-thumbnail","hentry","category-economia"],"jetpack_publicize_connections":[],"_links":{"self":[{"href":"https:\/\/diariorepublica.com.ar\/web\/index.php\/wp-json\/wp\/v2\/posts\/8995"}],"collection":[{"href":"https:\/\/diariorepublica.com.ar\/web\/index.php\/wp-json\/wp\/v2\/posts"}],"about":[{"href":"https:\/\/diariorepublica.com.ar\/web\/index.php\/wp-json\/wp\/v2\/types\/post"}],"author":[{"embeddable":true,"href":"https:\/\/diariorepublica.com.ar\/web\/index.php\/wp-json\/wp\/v2\/users\/1"}],"replies":[{"embeddable":true,"href":"https:\/\/diariorepublica.com.ar\/web\/index.php\/wp-json\/wp\/v2\/comments?post=8995"}],"version-history":[{"count":1,"href":"https:\/\/diariorepublica.com.ar\/web\/index.php\/wp-json\/wp\/v2\/posts\/8995\/revisions"}],"predecessor-version":[{"id":8997,"href":"https:\/\/diariorepublica.com.ar\/web\/index.php\/wp-json\/wp\/v2\/posts\/8995\/revisions\/8997"}],"wp:featuredmedia":[{"embeddable":true,"href":"https:\/\/diariorepublica.com.ar\/web\/index.php\/wp-json\/wp\/v2\/media\/8996"}],"wp:attachment":[{"href":"https:\/\/diariorepublica.com.ar\/web\/index.php\/wp-json\/wp\/v2\/media?parent=8995"}],"wp:term":[{"taxonomy":"category","embeddable":true,"href":"https:\/\/diariorepublica.com.ar\/web\/index.php\/wp-json\/wp\/v2\/categories?post=8995"},{"taxonomy":"post_tag","embeddable":true,"href":"https:\/\/diariorepublica.com.ar\/web\/index.php\/wp-json\/wp\/v2\/tags?post=8995"}],"curies":[{"name":"wp","href":"https:\/\/api.w.org\/{rel}","templated":true}]}}