{"id":8998,"date":"2023-10-28T18:24:31","date_gmt":"2023-10-28T21:24:31","guid":{"rendered":"https:\/\/diariorepublica.com.ar\/web\/?p=8998"},"modified":"2023-10-28T18:24:33","modified_gmt":"2023-10-28T21:24:33","slug":"sudafrica-campeon-del-mundial-de-rugby","status":"publish","type":"post","link":"https:\/\/diariorepublica.com.ar\/web\/index.php\/deportes\/2023\/10\/28\/sudafrica-campeon-del-mundial-de-rugby\/","title":{"rendered":"Sud\u00e1frica, campe\u00f3n del Mundial de rugby"},"content":{"rendered":"<p class=\"paragraph\">En una final entre dos titanes disputada en el Stade de France, ubicado en Saint Denis,\u00a0<b>Sud\u00e1frica venci\u00f3 a los All Blacks en la final por 12 a 11 y se consagr\u00f3 campe\u00f3n del\u00a0<\/b><b>Mundial de rugby 2023<\/b>.<\/p>\n<p class=\"paragraph\">Fue un duelo electrizante, que se resolvi\u00f3 de manera ajustada para los Springboks,\u00a0<b>due\u00f1os ahora de cuatro estrellas<\/b>\u00a0que los convierten en los m\u00e1ximos ganadores en ocho participaciones. Impresionante.<\/p>\n<p class=\"paragraph\">Sud\u00e1frica se consagr\u00f3 campe\u00f3n del mundo en\u00a0<b>1995, 2007, 2019 y ahora 2023<\/b>, mientras que Nueva Zelanda (que dej\u00f3 en el camino a Argentina en semifinales) obtuvo tres t\u00edtulos, en 1987, 2011 y 2015.<\/p>\n","protected":false},"excerpt":{"rendered":"<p>En una final entre dos titanes disputada en el Stade de France, ubicado en Saint Denis,\u00a0Sud\u00e1frica venci\u00f3 a los All<\/p>\n","protected":false},"author":1,"featured_media":8999,"comment_status":"closed","ping_status":"closed","sticky":false,"template":"","format":"standard","meta":{"footnotes":"","jetpack_publicize_message":"","jetpack_publicize_feature_enabled":true,"jetpack_social_post_already_shared":true,"jetpack_social_options":{"image_generator_settings":{"template":"highway","enabled":false},"version":2}},"categories":[9],"tags":[],"class_list":["post-8998","post","type-post","status-publish","format-standard","has-post-thumbnail","hentry","category-deportes"],"jetpack_publicize_connections":[],"_links":{"self":[{"href":"https:\/\/diariorepublica.com.ar\/web\/index.php\/wp-json\/wp\/v2\/posts\/8998"}],"collection":[{"href":"https:\/\/diariorepublica.com.ar\/web\/index.php\/wp-json\/wp\/v2\/posts"}],"about":[{"href":"https:\/\/diariorepublica.com.ar\/web\/index.php\/wp-json\/wp\/v2\/types\/post"}],"author":[{"embeddable":true,"href":"https:\/\/diariorepublica.com.ar\/web\/index.php\/wp-json\/wp\/v2\/users\/1"}],"replies":[{"embeddable":true,"href":"https:\/\/diariorepublica.com.ar\/web\/index.php\/wp-json\/wp\/v2\/comments?post=8998"}],"version-history":[{"count":1,"href":"https:\/\/diariorepublica.com.ar\/web\/index.php\/wp-json\/wp\/v2\/posts\/8998\/revisions"}],"predecessor-version":[{"id":9000,"href":"https:\/\/diariorepublica.com.ar\/web\/index.php\/wp-json\/wp\/v2\/posts\/8998\/revisions\/9000"}],"wp:featuredmedia":[{"embeddable":true,"href":"https:\/\/diariorepublica.com.ar\/web\/index.php\/wp-json\/wp\/v2\/media\/8999"}],"wp:attachment":[{"href":"https:\/\/diariorepublica.com.ar\/web\/index.php\/wp-json\/wp\/v2\/media?parent=8998"}],"wp:term":[{"taxonomy":"category","embeddable":true,"href":"https:\/\/diariorepublica.com.ar\/web\/index.php\/wp-json\/wp\/v2\/categories?post=8998"},{"taxonomy":"post_tag","embeddable":true,"href":"https:\/\/diariorepublica.com.ar\/web\/index.php\/wp-json\/wp\/v2\/tags?post=8998"}],"curies":[{"name":"wp","href":"https:\/\/api.w.org\/{rel}","templated":true}]}}