{"id":9004,"date":"2023-10-28T17:26:00","date_gmt":"2023-10-28T20:26:00","guid":{"rendered":"https:\/\/diariorepublica.com.ar\/web\/?p=9004"},"modified":"2023-10-28T18:27:00","modified_gmt":"2023-10-28T21:27:00","slug":"wanda-nara-confirmo-que-sufre-leucemia-ahora-lo-llamo-por-su-nombre","status":"publish","type":"post","link":"https:\/\/diariorepublica.com.ar\/web\/index.php\/espectaculos\/2023\/10\/28\/wanda-nara-confirmo-que-sufre-leucemia-ahora-lo-llamo-por-su-nombre\/","title":{"rendered":"Wanda Nara confirm\u00f3 que sufre leucemia: \u00abAhora lo llamo por su nombre\u00bb"},"content":{"rendered":"<p>Poco m\u00e1s de tres meses tuvieron que pasar para que\u00a0<strong>Wanda Nara<\/strong>\u00a0pudiera\u00a0salir p\u00fablicamente a hablar de\u00a0<strong>su lucha contra la leucemia<\/strong>. Ella ya hab\u00eda confirmado que ten\u00eda problemas de salud, que era un momento muy complejo en lo personal y para su familia pero el temor y la angustia no le permit\u00edan ponerle el t\u00edtulo a su padecimiento.<\/p>\n<p>Fue en una historia de Instagram en la que\u00a0<strong>respondi\u00f3 preguntas de sus seguidores<\/strong>\u00a0y all\u00ed le consultaron puntualmente\u00a0cu\u00e1l es la enfermedad que tiene. Wanda entendi\u00f3 que ya era el momento de decirlo, que ya pod\u00eda asumirlo y ponerle nombre a ese t\u00e9rmino que tanto asusta. As\u00ed que decidi\u00f3 contestar con su verdad en la rede social.<\/p>\n<p><strong>\u00abLeucemia\u00bb<\/strong>, escribi\u00f3 la modelo, empresaria e influencer confirmando los rumores que hab\u00edan surgido hace tiempo sobre aquella enfermedad. Luego, cont\u00f3 c\u00f3mo vivi\u00f3 internamente el proceso\u00a0de aceptaci\u00f3n:\u00a0<strong>\u00abAl principio le dec\u00eda &#8216;esa cosa que tengo yo&#8217;<\/strong>. Despu\u00e9s pude decirle \u2018esa enfermedad\u2019. Y ahora lo llamo por su nombre\u00bb.<\/p>\n<p>Por \u00faltimo dedic\u00f3 una frase ir\u00f3nica a quienes dieron la noticia sobre la enfermedad que padec\u00eda cuando ella a\u00fan quer\u00eda mantenerlo en su intimidad:\u00a0<strong>\u00abPerd\u00f3n a qui\u00e9n sent\u00eda que deb\u00eda anticipar mis propios tiempos\u00bb.<\/strong><\/p>\n<p>Pero esa no fue la \u00fanica pregunta que contest\u00f3 Wanda, tambi\u00e9n anunci\u00f3 que prepara su\u00a0<strong>lanzamiento musical<\/strong>, que tiene\u00a0<strong>tres temas ya grabados<\/strong>\u00a0y hasta se refiri\u00f3 a viejas disputas.<\/p>\n<p><strong>\u00ab\u00bfCu\u00e1l es el valor m\u00e1s importante para vos?<\/strong>\u00ab, le consult\u00f3 un seguidor. \u00abLa\u00a0<strong>lealtad<\/strong>\u00ab, expres\u00f3 Wanda. Y lanz\u00f3: \u00abSoy muy leal, sobre todo con mi familia y amigos. Pero me pas\u00f3 que \u00faltimamente\u00a0<strong>me sent\u00ed traicionada<\/strong>\u00a0porque me usaban o porque hablaban cosas de m\u00ed para promocionarse o simplemente por no defenderme a mis espaldas como yo si siempre hago con u\u00f1as y dientes por los que quiero\u00bb.<\/p>\n<p><strong>\u00ab\u00bfAlgo que no te guste?\u00bb<\/strong>, parec\u00eda una pregunta poco relevante, pero Wanda le puso picante: \u00abNo me gusta la\u00a0<strong>gente falsa<\/strong>. Esas que te cuentan lo peor de una persona y despu\u00e9s los ves \u00edntimos\u00bb.<\/p>\n<p>La empresaria tambi\u00e9n\u00a0<strong>neg\u00f3 una pelea con su cercano amigo Kennys Palacios<\/strong>\u00a0y anunci\u00f3 que trabaja en su lanzamiento musical: \u00abGrabamos ya tres temas. Estoy feliz con el gran equipo que tengo. Nunca me imagin\u00e9 tener cerca gente tan profesional y apasionada con la m\u00fasica.\u00a0<strong>Tom\u00e9 clases, me prepar\u00e9 pero mi equipo es Todo. Nos vamos a otro level\u00bb.<\/strong><\/p>\n","protected":false},"excerpt":{"rendered":"<p>Poco m\u00e1s de tres meses tuvieron que pasar para que\u00a0Wanda Nara\u00a0pudiera\u00a0salir p\u00fablicamente a hablar de\u00a0su lucha contra la leucemia. Ella<\/p>\n","protected":false},"author":1,"featured_media":9005,"comment_status":"closed","ping_status":"closed","sticky":false,"template":"","format":"standard","meta":{"footnotes":"","jetpack_publicize_message":"","jetpack_publicize_feature_enabled":true,"jetpack_social_post_already_shared":true,"jetpack_social_options":{"image_generator_settings":{"template":"highway","enabled":false},"version":2}},"categories":[7],"tags":[],"class_list":["post-9004","post","type-post","status-publish","format-standard","has-post-thumbnail","hentry","category-espectaculos"],"jetpack_publicize_connections":[],"_links":{"self":[{"href":"https:\/\/diariorepublica.com.ar\/web\/index.php\/wp-json\/wp\/v2\/posts\/9004"}],"collection":[{"href":"https:\/\/diariorepublica.com.ar\/web\/index.php\/wp-json\/wp\/v2\/posts"}],"about":[{"href":"https:\/\/diariorepublica.com.ar\/web\/index.php\/wp-json\/wp\/v2\/types\/post"}],"author":[{"embeddable":true,"href":"https:\/\/diariorepublica.com.ar\/web\/index.php\/wp-json\/wp\/v2\/users\/1"}],"replies":[{"embeddable":true,"href":"https:\/\/diariorepublica.com.ar\/web\/index.php\/wp-json\/wp\/v2\/comments?post=9004"}],"version-history":[{"count":1,"href":"https:\/\/diariorepublica.com.ar\/web\/index.php\/wp-json\/wp\/v2\/posts\/9004\/revisions"}],"predecessor-version":[{"id":9006,"href":"https:\/\/diariorepublica.com.ar\/web\/index.php\/wp-json\/wp\/v2\/posts\/9004\/revisions\/9006"}],"wp:featuredmedia":[{"embeddable":true,"href":"https:\/\/diariorepublica.com.ar\/web\/index.php\/wp-json\/wp\/v2\/media\/9005"}],"wp:attachment":[{"href":"https:\/\/diariorepublica.com.ar\/web\/index.php\/wp-json\/wp\/v2\/media?parent=9004"}],"wp:term":[{"taxonomy":"category","embeddable":true,"href":"https:\/\/diariorepublica.com.ar\/web\/index.php\/wp-json\/wp\/v2\/categories?post=9004"},{"taxonomy":"post_tag","embeddable":true,"href":"https:\/\/diariorepublica.com.ar\/web\/index.php\/wp-json\/wp\/v2\/tags?post=9004"}],"curies":[{"name":"wp","href":"https:\/\/api.w.org\/{rel}","templated":true}]}}