{"id":9049,"date":"2023-10-30T10:08:00","date_gmt":"2023-10-30T13:08:00","guid":{"rendered":"https:\/\/diariorepublica.com.ar\/web\/?p=9049"},"modified":"2023-10-30T09:09:32","modified_gmt":"2023-10-30T12:09:32","slug":"aporte-para-los-once-clubes-que-participaran-del-torneo-regional-federal-amateur","status":"publish","type":"post","link":"https:\/\/diariorepublica.com.ar\/web\/index.php\/sociedad\/2023\/10\/30\/aporte-para-los-once-clubes-que-participaran-del-torneo-regional-federal-amateur\/","title":{"rendered":"Aporte para los once clubes que participar\u00e1n del Torneo Regional Federal Amateur"},"content":{"rendered":"<p>El gobernador Ra\u00fal Jalil, acompa\u00f1ado por el ministro de Cultura, Turismo y Deporte, Roberto Brunello, se reuni\u00f3 con los representantes de los once clubes de la provincia que competir\u00e1n en el Torneo Regional Federal Amateur 2023\/24 y autoridades de la Federaci\u00f3n Catamarque\u00f1a de F\u00fatbol encabezadas por su presidente, Lucas Cisternas.<\/p>\n<p>Durante la reuni\u00f3n, se acord\u00f3 un importante aporte econ\u00f3mico destinado a cada club, con el prop\u00f3sito de cubrir los gastos asociados a la primera fase del torneo federal.<\/p>\n<p>Silvia Jim\u00e9nez, tesorera de la Federaci\u00f3n Catamarque\u00f1a de F\u00fatbol, comparti\u00f3 los detalles de la reuni\u00f3n con el mandatario provincial. \u201cEl Gobernador se comprometi\u00f3 a brindar un aporte de un mill\u00f3n y medio de pesos a cada club para la primera fase del Torneo. Posteriormente, nos reuniremos nuevamente con los clubes que avancen a la segunda fase para coordinar un nuevo apoyo\u201d, explic\u00f3.<\/p>\n<p>Adem\u00e1s, se\u00f1al\u00f3 que el Gobierno provincial asignar\u00e1 recursos espec\u00edficos para cubrir parte de los costos adicionales de seguridad policial en cada partido.<\/p>\n<p>El Torneo Regional Federal Amateur 2023\/24 dar\u00e1 comienzo este s\u00e1bado y ofrecer\u00e1 la posibilidad de obtener cuatro ascensos al Torneo Federal A 2024.<\/p>\n","protected":false},"excerpt":{"rendered":"<p>El gobernador Ra\u00fal Jalil, acompa\u00f1ado por el ministro de Cultura, Turismo y Deporte, Roberto Brunello, se reuni\u00f3 con los representantes<\/p>\n","protected":false},"author":1,"featured_media":9050,"comment_status":"closed","ping_status":"closed","sticky":false,"template":"","format":"standard","meta":{"footnotes":"","jetpack_publicize_message":"","jetpack_publicize_feature_enabled":true,"jetpack_social_post_already_shared":true,"jetpack_social_options":{"image_generator_settings":{"template":"highway","enabled":false},"version":2}},"categories":[3],"tags":[],"class_list":["post-9049","post","type-post","status-publish","format-standard","has-post-thumbnail","hentry","category-sociedad"],"jetpack_publicize_connections":[],"_links":{"self":[{"href":"https:\/\/diariorepublica.com.ar\/web\/index.php\/wp-json\/wp\/v2\/posts\/9049"}],"collection":[{"href":"https:\/\/diariorepublica.com.ar\/web\/index.php\/wp-json\/wp\/v2\/posts"}],"about":[{"href":"https:\/\/diariorepublica.com.ar\/web\/index.php\/wp-json\/wp\/v2\/types\/post"}],"author":[{"embeddable":true,"href":"https:\/\/diariorepublica.com.ar\/web\/index.php\/wp-json\/wp\/v2\/users\/1"}],"replies":[{"embeddable":true,"href":"https:\/\/diariorepublica.com.ar\/web\/index.php\/wp-json\/wp\/v2\/comments?post=9049"}],"version-history":[{"count":1,"href":"https:\/\/diariorepublica.com.ar\/web\/index.php\/wp-json\/wp\/v2\/posts\/9049\/revisions"}],"predecessor-version":[{"id":9051,"href":"https:\/\/diariorepublica.com.ar\/web\/index.php\/wp-json\/wp\/v2\/posts\/9049\/revisions\/9051"}],"wp:featuredmedia":[{"embeddable":true,"href":"https:\/\/diariorepublica.com.ar\/web\/index.php\/wp-json\/wp\/v2\/media\/9050"}],"wp:attachment":[{"href":"https:\/\/diariorepublica.com.ar\/web\/index.php\/wp-json\/wp\/v2\/media?parent=9049"}],"wp:term":[{"taxonomy":"category","embeddable":true,"href":"https:\/\/diariorepublica.com.ar\/web\/index.php\/wp-json\/wp\/v2\/categories?post=9049"},{"taxonomy":"post_tag","embeddable":true,"href":"https:\/\/diariorepublica.com.ar\/web\/index.php\/wp-json\/wp\/v2\/tags?post=9049"}],"curies":[{"name":"wp","href":"https:\/\/api.w.org\/{rel}","templated":true}]}}