{"id":9074,"date":"2023-10-31T00:45:00","date_gmt":"2023-10-31T03:45:00","guid":{"rendered":"https:\/\/diariorepublica.com.ar\/web\/?p=9074"},"modified":"2023-10-31T07:46:57","modified_gmt":"2023-10-31T10:46:57","slug":"el-elenco-de-friends-despidio-a-matthew-perry-estamos-devastados","status":"publish","type":"post","link":"https:\/\/diariorepublica.com.ar\/web\/index.php\/espectaculos\/2023\/10\/31\/el-elenco-de-friends-despidio-a-matthew-perry-estamos-devastados\/","title":{"rendered":"El elenco de Friends despidi\u00f3 a Matthew Perry: \u00abEstamos devastados\u00bb"},"content":{"rendered":"<article id=\"article-post\" class=\"first\">\n<div class=\"cuerpo\" data-twitter-link=\"https:\/\/twitter.com\/intent\/tweet?url=https:\/\/www.diariopopular.com.ar\/c751639&amp;via=poopulardiario&amp;related=Popular&amp;text=\">\n<p>El elenco de<strong>\u00a0\u00abFriends\u00bb\u00a0<\/strong>despidi\u00f3 este lunes p\u00fablicamente a su compa\u00f1ero<strong>\u00a0Matthew Perry<\/strong>, quien fue hallado muerto el \u00faltimo s\u00e1bado en su casa de Los \u00c1ngeles.<\/p>\n<\/div>\n<\/article>\n<article id=\"article-post\">\n<div class=\"cuerpo\" data-twitter-link=\"https:\/\/twitter.com\/intent\/tweet?url=https:\/\/www.diariopopular.com.ar\/c751639&amp;via=poopulardiario&amp;related=Popular&amp;text=\">\n<p>A trav\u00e9s de un comunicado publicado por la revista People,\u00a0<strong>Jennifer Aniston, Courtney Cox, Lisa Kudrow, Matt Le Blanc y David Schwimmer\u00a0<\/strong>manifestaron estar \u00ababsolutamente devastados\u00bb por el fallecimiento del actor, de 54 a\u00f1os, que interpret\u00f3 al recordado personaje de\u00a0<strong>Chandler Bing\u00a0<\/strong>durante sus diez temporadas.<\/p>\n<p><strong>\u00ab\u00c9ramos m\u00e1s que simples compa\u00f1eros de reparto. Somos una familia<\/strong>. Hay mucho que decir, pero ahora vamos a tomarnos un momento para llorar y procesar esta p\u00e9rdida tan profunda\u00bb, escribieron los integrantes del elenco de Friends.<\/p>\n<p>\u201cCon el tiempo diremos m\u00e1s, cuando podamos. Por ahora,\u00a0<strong>nuestros pensamientos y nuestro amor est\u00e1n con la familia de Matty<\/strong>, sus amigos y todos los que lo amaron en todo el mundo\u201d, agregaron.<\/p>\n<div id=\"embed38_wrap\" class=\"embed_cont type_freetext\" contenteditable=\"false\">\n<div id=\"embed38_content\" class=\"embed_content\">\n<div id=\"embed38_embed\"><iframe id=\"instagram-embed-0\" class=\"instagram-media instagram-media-rendered\" src=\"https:\/\/www.instagram.com\/p\/CzCkbfUvXto\/embed\/captioned\/?cr=1&amp;v=14&amp;wp=675&amp;rd=https%3A%2F%2Fwww.diariopopular.com.ar&amp;rp=%2Fespectaculos%2Fel-elenco-friends-despidio-matthew-perry-estamos-devastados-n751639#%7B%22ci%22%3A0%2C%22os%22%3A607.2000000476837%2C%22ls%22%3A35.90000009536743%2C%22le%22%3A588.2000000476837%7D\" height=\"870\" frameborder=\"0\" scrolling=\"no\" allowfullscreen=\"allowfullscreen\" data-instgrm-payload-id=\"instagram-media-payload-0\" data-gtm-yt-inspected-11=\"true\" data-mce-fragment=\"1\"><\/iframe><\/div>\n<\/div>\n<div id=\"embed38_epigrafe\" class=\"embed_epigrafe\"><\/div>\n<div id=\"embed38_copyright\" class=\"embed_copyright\"><\/div>\n<\/div>\n<p>Las primeras informaciones sobre\u00a0la muerte de Perry, que los distintos portales atribuyen al peri\u00f3dico LA Times, reportan que las autoridades l<strong>o encontraron muerto en el jacuzzi alrededor de las 16\u00a0<\/strong>del s\u00e1bado pasado Los m\u00e9dicos de emergencias notaron que estaba sin signos vitales, presuntamente v\u00edctima de un infarto.<\/p>\n<p>Perry hab\u00eda nacido el 19 de agosto de 1969 en Williamstown, Massachusetts, hijo de<strong>\u00a0una madre periodista de nacionalidad canadiense<\/strong>\u00a0y un padre actor y modelo,\u00a0<strong>John Bennett Perry<\/strong>.<\/p>\n<p>El int\u00e9rprete tuvo reconocimiento mundial por el papel del sarc\u00e1stico Chandler en la sitcom que probablemente sea\u00a0<strong>la m\u00e1s popular de la historia<\/strong>, y por la que \u00e9l y sus compa\u00f1eros llegaron a cobrar cada uno un mill\u00f3n de d\u00f3lares por episodio.<\/p>\n<\/div>\n<\/article>\n","protected":false},"excerpt":{"rendered":"<p>El elenco de\u00a0\u00abFriends\u00bb\u00a0despidi\u00f3 este lunes p\u00fablicamente a su compa\u00f1ero\u00a0Matthew Perry, quien fue hallado muerto el \u00faltimo s\u00e1bado en su casa<\/p>\n","protected":false},"author":1,"featured_media":9075,"comment_status":"closed","ping_status":"closed","sticky":false,"template":"","format":"standard","meta":{"footnotes":"","jetpack_publicize_message":"","jetpack_publicize_feature_enabled":true,"jetpack_social_post_already_shared":true,"jetpack_social_options":{"image_generator_settings":{"template":"highway","enabled":false},"version":2}},"categories":[7],"tags":[],"class_list":["post-9074","post","type-post","status-publish","format-standard","has-post-thumbnail","hentry","category-espectaculos"],"jetpack_publicize_connections":[],"_links":{"self":[{"href":"https:\/\/diariorepublica.com.ar\/web\/index.php\/wp-json\/wp\/v2\/posts\/9074"}],"collection":[{"href":"https:\/\/diariorepublica.com.ar\/web\/index.php\/wp-json\/wp\/v2\/posts"}],"about":[{"href":"https:\/\/diariorepublica.com.ar\/web\/index.php\/wp-json\/wp\/v2\/types\/post"}],"author":[{"embeddable":true,"href":"https:\/\/diariorepublica.com.ar\/web\/index.php\/wp-json\/wp\/v2\/users\/1"}],"replies":[{"embeddable":true,"href":"https:\/\/diariorepublica.com.ar\/web\/index.php\/wp-json\/wp\/v2\/comments?post=9074"}],"version-history":[{"count":1,"href":"https:\/\/diariorepublica.com.ar\/web\/index.php\/wp-json\/wp\/v2\/posts\/9074\/revisions"}],"predecessor-version":[{"id":9076,"href":"https:\/\/diariorepublica.com.ar\/web\/index.php\/wp-json\/wp\/v2\/posts\/9074\/revisions\/9076"}],"wp:featuredmedia":[{"embeddable":true,"href":"https:\/\/diariorepublica.com.ar\/web\/index.php\/wp-json\/wp\/v2\/media\/9075"}],"wp:attachment":[{"href":"https:\/\/diariorepublica.com.ar\/web\/index.php\/wp-json\/wp\/v2\/media?parent=9074"}],"wp:term":[{"taxonomy":"category","embeddable":true,"href":"https:\/\/diariorepublica.com.ar\/web\/index.php\/wp-json\/wp\/v2\/categories?post=9074"},{"taxonomy":"post_tag","embeddable":true,"href":"https:\/\/diariorepublica.com.ar\/web\/index.php\/wp-json\/wp\/v2\/tags?post=9074"}],"curies":[{"name":"wp","href":"https:\/\/api.w.org\/{rel}","templated":true}]}}