{"id":9089,"date":"2023-10-31T09:59:11","date_gmt":"2023-10-31T12:59:11","guid":{"rendered":"https:\/\/diariorepublica.com.ar\/web\/?p=9089"},"modified":"2023-10-31T09:59:13","modified_gmt":"2023-10-31T12:59:13","slug":"yapura-y-rios-coordinan-transicion-municipal-en-la-ciudad-de-belen","status":"publish","type":"post","link":"https:\/\/diariorepublica.com.ar\/web\/index.php\/politica\/2023\/10\/31\/yapura-y-rios-coordinan-transicion-municipal-en-la-ciudad-de-belen\/","title":{"rendered":"Yapura y R\u00edos coordinan transici\u00f3n municipal en la ciudad de Bel\u00e9n"},"content":{"rendered":"<p>El gobernador Ra\u00fal Jalil recibi\u00f3 al intendente electo de la ciudad de Bel\u00e9n, Cristian Yapura, y a Daniel R\u00edos, el actual jefe comunal. Ambos se comprometieron a trabajar de manera coordinada con sus respectivos equipos con el objetivo de asegurar una transici\u00f3n ordenada en la gesti\u00f3n municipal que tendr\u00e1 lugar en diciembre.<\/p>\n<p>En este contexto, el mandatario provincial inst\u00f3 a ambas partes a trabajar en una transici\u00f3n armoniosa y eficiente en la ciudad de Bel\u00e9n.<\/p>\n<p>Adem\u00e1s, destac\u00f3 la madurez pol\u00edtica de estos dos dirigentes, resaltando su compromiso con llevar a cabo un cambio de gesti\u00f3n proyectado en beneficio de la comunidad de Bel\u00e9n.<\/p>\n","protected":false},"excerpt":{"rendered":"<p>El gobernador Ra\u00fal Jalil recibi\u00f3 al intendente electo de la ciudad de Bel\u00e9n, Cristian Yapura, y a Daniel R\u00edos, el<\/p>\n","protected":false},"author":1,"featured_media":9090,"comment_status":"closed","ping_status":"closed","sticky":false,"template":"","format":"standard","meta":{"footnotes":"","jetpack_publicize_message":"","jetpack_publicize_feature_enabled":true,"jetpack_social_post_already_shared":true,"jetpack_social_options":{"image_generator_settings":{"template":"highway","enabled":false},"version":2}},"categories":[12],"tags":[],"class_list":["post-9089","post","type-post","status-publish","format-standard","has-post-thumbnail","hentry","category-politica"],"jetpack_publicize_connections":[],"_links":{"self":[{"href":"https:\/\/diariorepublica.com.ar\/web\/index.php\/wp-json\/wp\/v2\/posts\/9089"}],"collection":[{"href":"https:\/\/diariorepublica.com.ar\/web\/index.php\/wp-json\/wp\/v2\/posts"}],"about":[{"href":"https:\/\/diariorepublica.com.ar\/web\/index.php\/wp-json\/wp\/v2\/types\/post"}],"author":[{"embeddable":true,"href":"https:\/\/diariorepublica.com.ar\/web\/index.php\/wp-json\/wp\/v2\/users\/1"}],"replies":[{"embeddable":true,"href":"https:\/\/diariorepublica.com.ar\/web\/index.php\/wp-json\/wp\/v2\/comments?post=9089"}],"version-history":[{"count":1,"href":"https:\/\/diariorepublica.com.ar\/web\/index.php\/wp-json\/wp\/v2\/posts\/9089\/revisions"}],"predecessor-version":[{"id":9091,"href":"https:\/\/diariorepublica.com.ar\/web\/index.php\/wp-json\/wp\/v2\/posts\/9089\/revisions\/9091"}],"wp:featuredmedia":[{"embeddable":true,"href":"https:\/\/diariorepublica.com.ar\/web\/index.php\/wp-json\/wp\/v2\/media\/9090"}],"wp:attachment":[{"href":"https:\/\/diariorepublica.com.ar\/web\/index.php\/wp-json\/wp\/v2\/media?parent=9089"}],"wp:term":[{"taxonomy":"category","embeddable":true,"href":"https:\/\/diariorepublica.com.ar\/web\/index.php\/wp-json\/wp\/v2\/categories?post=9089"},{"taxonomy":"post_tag","embeddable":true,"href":"https:\/\/diariorepublica.com.ar\/web\/index.php\/wp-json\/wp\/v2\/tags?post=9089"}],"curies":[{"name":"wp","href":"https:\/\/api.w.org\/{rel}","templated":true}]}}