{"id":9155,"date":"2023-11-02T08:05:00","date_gmt":"2023-11-02T11:05:00","guid":{"rendered":"https:\/\/diariorepublica.com.ar\/web\/?p=9155"},"modified":"2023-11-02T08:05:02","modified_gmt":"2023-11-02T11:05:02","slug":"el-pacto-de-san-antonio-profundiza-las-divisiones-en-la-ucr","status":"publish","type":"post","link":"https:\/\/diariorepublica.com.ar\/web\/index.php\/politica\/2023\/11\/02\/el-pacto-de-san-antonio-profundiza-las-divisiones-en-la-ucr\/","title":{"rendered":"El \u201cPacto de San Antonio\u201d profundiza las divisiones en la UCR"},"content":{"rendered":"<p>La C\u00e1mara de Diputados volvi\u00f3 a ser escenario de una fuerte pol\u00e9mica entre el oficialismo y la oposici\u00f3n, esta vez por la reforma de la Constituci\u00f3n. Sucede que parte del bloque de Juntos por el Cambio exhort\u00f3 al oficialismo a \u201cno apresurar\u201d el tratamiento de la reforma con \u201cdi\u00e1logos individuales\u201d con algunos dirigentes en lugar de hacerlo en forma institucional.<\/p>\n<p>El planteo, que fue llevado al recinto por el diputado radical Jos\u00e9 \u201cChich\u00ed\u201d Sosa, tuvo su origen en una reuni\u00f3n realizada en la casa de Fray Mamerto Esqui\u00fa del diputado y presidente de la UCR Alfredo Marchioli con representantes del Gobierno encabezados por el vicegobernador Rub\u00e9n Dusso.<\/p>\n<p>En tanto, en dialogo con FM REPUBLICA 103.1, la secretaria general de la UCR, Paola Bazan fue contundente al plantear sus cr\u00edticas al oficialismo y expres\u00f3 que no se debe avanzar en forma individual en los acuerdos. Dirigi\u00e9ndose al Gobierno, Bazan dijo: \u201cAcaban de ganar por el 54% de los votos, no es necesario apurar los tiempos ni actuar con la ansiedad con la que act\u00faa el Gobernador.<\/p>\n<p>Bazan expres\u00f3 que el Gobierno est\u00e1 hablando con algunos legisladores en una suerte de mesa chica y entre gallos y medianoche arreglar algunas cosas. Eso no sirve y el principal perjudicado es el oficialismo\u201d.<\/p>\n<p>A\u00f1adi\u00f3 que el di\u00e1logo \u201ctiene que ser institucional y con una convocatoria a los partidos pol\u00edticos\u201d porque, a su criterio, \u201chay un principio fundamental para un tema tan importante como la reforma, que es la transparencia\u201d.<\/p>\n<p>\u201cHay que ser serios y lo responsabilizo al actual Gobernador, que no tiene un cheque en blanco, para que se ajuste al principio de transparencia y convoque a los partidos pol\u00edticos\u201d<\/p>\n","protected":false},"excerpt":{"rendered":"<p>La C\u00e1mara de Diputados volvi\u00f3 a ser escenario de una fuerte pol\u00e9mica entre el oficialismo y la oposici\u00f3n, esta vez<\/p>\n","protected":false},"author":2,"featured_media":9156,"comment_status":"closed","ping_status":"closed","sticky":false,"template":"","format":"standard","meta":{"footnotes":"","jetpack_publicize_message":"","jetpack_publicize_feature_enabled":true,"jetpack_social_post_already_shared":true,"jetpack_social_options":{"image_generator_settings":{"template":"highway","enabled":false},"version":2}},"categories":[12],"tags":[],"class_list":["post-9155","post","type-post","status-publish","format-standard","has-post-thumbnail","hentry","category-politica"],"jetpack_publicize_connections":[],"_links":{"self":[{"href":"https:\/\/diariorepublica.com.ar\/web\/index.php\/wp-json\/wp\/v2\/posts\/9155"}],"collection":[{"href":"https:\/\/diariorepublica.com.ar\/web\/index.php\/wp-json\/wp\/v2\/posts"}],"about":[{"href":"https:\/\/diariorepublica.com.ar\/web\/index.php\/wp-json\/wp\/v2\/types\/post"}],"author":[{"embeddable":true,"href":"https:\/\/diariorepublica.com.ar\/web\/index.php\/wp-json\/wp\/v2\/users\/2"}],"replies":[{"embeddable":true,"href":"https:\/\/diariorepublica.com.ar\/web\/index.php\/wp-json\/wp\/v2\/comments?post=9155"}],"version-history":[{"count":1,"href":"https:\/\/diariorepublica.com.ar\/web\/index.php\/wp-json\/wp\/v2\/posts\/9155\/revisions"}],"predecessor-version":[{"id":9157,"href":"https:\/\/diariorepublica.com.ar\/web\/index.php\/wp-json\/wp\/v2\/posts\/9155\/revisions\/9157"}],"wp:featuredmedia":[{"embeddable":true,"href":"https:\/\/diariorepublica.com.ar\/web\/index.php\/wp-json\/wp\/v2\/media\/9156"}],"wp:attachment":[{"href":"https:\/\/diariorepublica.com.ar\/web\/index.php\/wp-json\/wp\/v2\/media?parent=9155"}],"wp:term":[{"taxonomy":"category","embeddable":true,"href":"https:\/\/diariorepublica.com.ar\/web\/index.php\/wp-json\/wp\/v2\/categories?post=9155"},{"taxonomy":"post_tag","embeddable":true,"href":"https:\/\/diariorepublica.com.ar\/web\/index.php\/wp-json\/wp\/v2\/tags?post=9155"}],"curies":[{"name":"wp","href":"https:\/\/api.w.org\/{rel}","templated":true}]}}