{"id":9203,"date":"2023-11-03T10:40:00","date_gmt":"2023-11-03T13:40:00","guid":{"rendered":"https:\/\/diariorepublica.com.ar\/web\/?p=9203"},"modified":"2023-11-03T07:41:45","modified_gmt":"2023-11-03T10:41:45","slug":"tuve-depresion-ansiedad-y-ataques-de-panico-la-revelacion-de-tini-sobre-su-salud-mental","status":"publish","type":"post","link":"https:\/\/diariorepublica.com.ar\/web\/index.php\/espectaculos\/2023\/11\/03\/tuve-depresion-ansiedad-y-ataques-de-panico-la-revelacion-de-tini-sobre-su-salud-mental\/","title":{"rendered":"\u00bbTuve depresi\u00f3n, ansiedad y ataques de p\u00e1nico\u00bb:\u00a0la revelaci\u00f3n de Tini sobre su salud mental"},"content":{"rendered":"<p>Mientras se encuentra promocionando su\u00a0gira por Nueva York,<strong>\u00a0Tini Stoessel<\/strong>\u00a0confes\u00f3 en una entrevista que este a\u00f1o tuvo\u00a0<strong>depresi\u00f3n, ansiedad y ataques de p\u00e1nico<\/strong>. \u201cToqu\u00e9 fondo con muchos aspectos de mi vida y cuando yo decido hacer la gira por Espa\u00f1a y tambi\u00e9n la de Estados Unidos, decid\u00ed suspender tambi\u00e9n un mont\u00f3n de cosas porque\u00a0<strong>necesitaba salir del pozo en el que estaba viviendo<\/strong>\u201d, cont\u00f3 en una conversaci\u00f3n con Telemundo.<\/p>\n<p>Adem\u00e1s, explic\u00f3 qu\u00e9 hizo al\u00a0<strong>darse cuenta que necesitaba ayuda<\/strong>: \u201cCuando me di cuenta que claramente no estaba bien, le puse nombre a lo que me estaba pasando, con profesionales ayud\u00e1ndome. Es algo con lo que sigo en sanaci\u00f3n, pero poder convertirlo en m\u00fasica, y hoy escuchar canciones, y ver en cada canci\u00f3n, cada cap\u00edtulo, lo que estoy contando, cosas de hace mucho tiempo, cosas de hace poco tiempo, y saber que mucha gente lo va a escuchar y va a entender de lo que estoy hablando,\u00a0<strong>creo que va a ser muy especial\u201d.<\/strong><\/p>\n<p>R\u00e1pidamente, el periodista le pregunt\u00f3 si ten\u00eda nombre, eso que la estaba afectando y, sin vueltas, la artista indic\u00f3:\u00a0<strong>\u201cPas\u00e9 por una etapa de depresi\u00f3n, ansiedad, ataques de p\u00e1nico\u201d.<\/strong><\/p>\n<p>\u201cTodo ese proceso es dif\u00edcil, pero tambi\u00e9n\u00a0<strong>cuando le puse nombre a lo que me estaba pasando,<\/strong>\u00a0entend\u00ed qu\u00e9 era lo que me estaba pasando, y empec\u00e9 a poder verbalizar las cosas\u201d, finaliz\u00f3 la cantante, tratando de concientizar sobre la importancia de cuidar la salud mental.<\/p>\n","protected":false},"excerpt":{"rendered":"<p>Mientras se encuentra promocionando su\u00a0gira por Nueva York,\u00a0Tini Stoessel\u00a0confes\u00f3 en una entrevista que este a\u00f1o tuvo\u00a0depresi\u00f3n, ansiedad y ataques de<\/p>\n","protected":false},"author":1,"featured_media":9204,"comment_status":"closed","ping_status":"closed","sticky":false,"template":"","format":"standard","meta":{"footnotes":"","jetpack_publicize_message":"","jetpack_publicize_feature_enabled":true,"jetpack_social_post_already_shared":true,"jetpack_social_options":{"image_generator_settings":{"template":"highway","enabled":false},"version":2}},"categories":[7],"tags":[],"class_list":["post-9203","post","type-post","status-publish","format-standard","has-post-thumbnail","hentry","category-espectaculos"],"jetpack_publicize_connections":[],"_links":{"self":[{"href":"https:\/\/diariorepublica.com.ar\/web\/index.php\/wp-json\/wp\/v2\/posts\/9203"}],"collection":[{"href":"https:\/\/diariorepublica.com.ar\/web\/index.php\/wp-json\/wp\/v2\/posts"}],"about":[{"href":"https:\/\/diariorepublica.com.ar\/web\/index.php\/wp-json\/wp\/v2\/types\/post"}],"author":[{"embeddable":true,"href":"https:\/\/diariorepublica.com.ar\/web\/index.php\/wp-json\/wp\/v2\/users\/1"}],"replies":[{"embeddable":true,"href":"https:\/\/diariorepublica.com.ar\/web\/index.php\/wp-json\/wp\/v2\/comments?post=9203"}],"version-history":[{"count":1,"href":"https:\/\/diariorepublica.com.ar\/web\/index.php\/wp-json\/wp\/v2\/posts\/9203\/revisions"}],"predecessor-version":[{"id":9205,"href":"https:\/\/diariorepublica.com.ar\/web\/index.php\/wp-json\/wp\/v2\/posts\/9203\/revisions\/9205"}],"wp:featuredmedia":[{"embeddable":true,"href":"https:\/\/diariorepublica.com.ar\/web\/index.php\/wp-json\/wp\/v2\/media\/9204"}],"wp:attachment":[{"href":"https:\/\/diariorepublica.com.ar\/web\/index.php\/wp-json\/wp\/v2\/media?parent=9203"}],"wp:term":[{"taxonomy":"category","embeddable":true,"href":"https:\/\/diariorepublica.com.ar\/web\/index.php\/wp-json\/wp\/v2\/categories?post=9203"},{"taxonomy":"post_tag","embeddable":true,"href":"https:\/\/diariorepublica.com.ar\/web\/index.php\/wp-json\/wp\/v2\/tags?post=9203"}],"curies":[{"name":"wp","href":"https:\/\/api.w.org\/{rel}","templated":true}]}}