{"id":9219,"date":"2023-11-03T10:24:50","date_gmt":"2023-11-03T13:24:50","guid":{"rendered":"https:\/\/diariorepublica.com.ar\/web\/?p=9219"},"modified":"2023-11-03T10:24:52","modified_gmt":"2023-11-03T13:24:52","slug":"la-final-de-la-copa-libertadores-entre-boca-y-fluminense-se-jugara-con-publico","status":"publish","type":"post","link":"https:\/\/diariorepublica.com.ar\/web\/index.php\/deportes\/2023\/11\/03\/la-final-de-la-copa-libertadores-entre-boca-y-fluminense-se-jugara-con-publico\/","title":{"rendered":"La final de la Copa Libertadores entre Boca y Fluminense se jugar\u00e1 con p\u00fablico"},"content":{"rendered":"<p>Cuando la previa de la <b>final de la Copa Libertadores<\/b>\u00a0se centraba plenamente en lo futbol\u00edstico, de un momento para otro cambi\u00f3 el foco de la escena tras los repudiables ataques de la barra de Fluminense hacia los hinchas de Boca que se encontraban en las playas de Copacabana.\u00a0Incidentes, detenidos y una salvaje represi\u00f3n policial\u00a0gener\u00f3 un caos que hizo surgir los\u00a0<b>rumores de que la definici\u00f3n en el Maracan\u00e1 pudiera pasar a jugarse a puertas cerradas<\/b><\/p>\n<p><b>Desde las esferas de Conmebol le confirmaron a TyC Sports que no hay chances de que el partido se desarrolle sin p\u00fablico<\/b>\u00a0pese a los disturbios que se vivieron en la antesala. En ese sentido, las autoridades del m\u00e1ximo ente del f\u00fatbol sudamericano, que emitieron un\u00a0<a href=\"https:\/\/www.tycsports.com\/boca-juniors\/comunicado-conmebol-tras-ataque-barra-fluminense-hinchas-boca-id545352.html\" target=\"_blank\" rel=\"noopener\">llamativo comunicado\u00a0<\/a>y ya tomaron cartas en el asunto (hubo una reuni\u00f3n para acrecentar los controles),\u00a0<b>entienden que lo ocurrido tuvo que ver con fallas en la seguridad de R\u00edo de Janeiro que son ajenas a la organizaci\u00f3n de la Confederaci\u00f3n.<\/b><\/p>\n<p><i>\u00abHay rumores, veo muy dif\u00edcil la situaci\u00f3n. No es f\u00e1cil, a dos d\u00edas de jugarse la gran final, postergarla. Hay que esperar qu\u00e9 va sucediendo en las pr\u00f3ximas horas\u00bb<\/i>,\u00a0expres\u00f3 Mauricio Serna, miembro del Consejo de F\u00fatbol de Boca, minutos despu\u00e9s de la agresi\u00f3n de la barra de Fluminense.<\/p>\n<p>Sin embargo, en el amanecer de este viernes,\u00a0<b>Conmebol ya comunic\u00f3 internamente que suspender o postergar la final de la Copa Libertadores no es una opci\u00f3n<\/b>, as\u00ed como tampoco que se juegue a puertas cerradas.<\/p>\n<h6>El comunicado de Conmebol tras los incidentes en Copacabana<\/h6>\n<p>\u00a0<\/p>\n<figure class=\"w-100\"><img decoding=\"async\" title=\"comunicado conmebol\" src=\"https:\/\/media.tycsports.com\/files\/2023\/11\/02\/640865\/comunicado-conmebol_w416.webp\" srcset=\"https:\/\/media.tycsports.com\/files\/2023\/11\/02\/640865\/comunicado-conmebol_w416.webp 480w, https:\/\/media.tycsports.com\/files\/2023\/11\/02\/640865\/comunicado-conmebol_w862.webp 1080w\" alt=\"comunicado conmebol\" data-src=\"https:\/\/media.tycsports.com\/files\/2023\/11\/02\/640865\/comunicado-conmebol_w416.webp\" data-srcset=\"https:\/\/media.tycsports.com\/files\/2023\/11\/02\/640865\/comunicado-conmebol_w416.webp 480w, https:\/\/media.tycsports.com\/files\/2023\/11\/02\/640865\/comunicado-conmebol_w862.webp 1080w\" \/><\/figure>\n<p>Fuente: tycsports.com<\/p>\n","protected":false},"excerpt":{"rendered":"<p>Cuando la previa de la final de la Copa Libertadores\u00a0se centraba plenamente en lo futbol\u00edstico, de un momento para otro<\/p>\n","protected":false},"author":1,"featured_media":9220,"comment_status":"closed","ping_status":"closed","sticky":false,"template":"","format":"standard","meta":{"footnotes":"","jetpack_publicize_message":"","jetpack_publicize_feature_enabled":true,"jetpack_social_post_already_shared":true,"jetpack_social_options":{"image_generator_settings":{"template":"highway","enabled":false},"version":2}},"categories":[9],"tags":[],"class_list":["post-9219","post","type-post","status-publish","format-standard","has-post-thumbnail","hentry","category-deportes"],"jetpack_publicize_connections":[],"_links":{"self":[{"href":"https:\/\/diariorepublica.com.ar\/web\/index.php\/wp-json\/wp\/v2\/posts\/9219"}],"collection":[{"href":"https:\/\/diariorepublica.com.ar\/web\/index.php\/wp-json\/wp\/v2\/posts"}],"about":[{"href":"https:\/\/diariorepublica.com.ar\/web\/index.php\/wp-json\/wp\/v2\/types\/post"}],"author":[{"embeddable":true,"href":"https:\/\/diariorepublica.com.ar\/web\/index.php\/wp-json\/wp\/v2\/users\/1"}],"replies":[{"embeddable":true,"href":"https:\/\/diariorepublica.com.ar\/web\/index.php\/wp-json\/wp\/v2\/comments?post=9219"}],"version-history":[{"count":1,"href":"https:\/\/diariorepublica.com.ar\/web\/index.php\/wp-json\/wp\/v2\/posts\/9219\/revisions"}],"predecessor-version":[{"id":9221,"href":"https:\/\/diariorepublica.com.ar\/web\/index.php\/wp-json\/wp\/v2\/posts\/9219\/revisions\/9221"}],"wp:featuredmedia":[{"embeddable":true,"href":"https:\/\/diariorepublica.com.ar\/web\/index.php\/wp-json\/wp\/v2\/media\/9220"}],"wp:attachment":[{"href":"https:\/\/diariorepublica.com.ar\/web\/index.php\/wp-json\/wp\/v2\/media?parent=9219"}],"wp:term":[{"taxonomy":"category","embeddable":true,"href":"https:\/\/diariorepublica.com.ar\/web\/index.php\/wp-json\/wp\/v2\/categories?post=9219"},{"taxonomy":"post_tag","embeddable":true,"href":"https:\/\/diariorepublica.com.ar\/web\/index.php\/wp-json\/wp\/v2\/tags?post=9219"}],"curies":[{"name":"wp","href":"https:\/\/api.w.org\/{rel}","templated":true}]}}