{"id":923,"date":"2023-04-03T11:40:13","date_gmt":"2023-04-03T14:40:13","guid":{"rendered":"https:\/\/diariorepublica.com.ar\/web\/?p=923"},"modified":"2023-04-03T11:40:14","modified_gmt":"2023-04-03T14:40:14","slug":"se-viene-una-nueva-edicion-de-la-feria-manos-catamarquenas","status":"publish","type":"post","link":"https:\/\/diariorepublica.com.ar\/web\/index.php\/sociedad\/2023\/04\/03\/se-viene-una-nueva-edicion-de-la-feria-manos-catamarquenas\/","title":{"rendered":"Se viene una nueva edici\u00f3n de la feria \u00abManos Catamarque\u00f1as\u00bb"},"content":{"rendered":"<p>En Semana Santa se llevar\u00e1 a cabo en el Predio Ferial Catamarca la tradicional feria artesanal \u201cManos Catamarque\u00f1as\u201d, que re\u00fane el trabajo de artesanos, dise\u00f1adores y manualistas. La cita es del jueves 6 al domingo 9 de abril, desde las 18:00, con entrada libre y gratuita.<\/p>\n<p>La feria tendr\u00e1 durante el fin de semana extra largo la participaci\u00f3n de m\u00e1s de 200 artesanos, catamarque\u00f1os y de otras provincias, un espacio gastron\u00f3mico con cocina al fuego, foodtrucks, bodegas, cervecer\u00edas, un patio matero y m\u00fasica en vivo.<\/p>\n<p>En esta edici\u00f3n, organizada por la Direcci\u00f3n de Artesan\u00edas del Ministerio de Cultura, Turismo y Deporte de la provincia, habr\u00e1 un centro de experiencia artesanal donde el p\u00fablico podr\u00e1 conocer y participar del proceso de elaboraci\u00f3n de una obra a trav\u00e9s de los trabajos que realicen en vivo los artesanos en sus distintos rubros, como la cer\u00e1mica y el tejido. Y en el marco de la feria, la escultora de Recreo, Gabriela Nieva, har\u00e1 una talla alusiva a la fecha denominada \u201cLa resurrecci\u00f3n\u201d.<\/p>\n<p>Tambi\u00e9n, durante los cuatro d\u00edas los visitantes podr\u00e1n conocer la oferta tur\u00edstica de Catamarca en el espacio de promoci\u00f3n tur\u00edstica donde los municipios compartir\u00e1n las actividades de turismo activo y sus atractivos naturales y culturales que pueden visitarse en cualquier \u00e9poca del a\u00f1o.<\/p>\n<p>Adem\u00e1s, el Ministerio de Ciencia e Innovaci\u00f3n Tecnol\u00f3gica participar\u00e1 con un stand donde funcionar\u00e1 una pantalla inmersiva y simuladores de vuelo.<\/p>\n","protected":false},"excerpt":{"rendered":"<p>En Semana Santa se llevar\u00e1 a cabo en el Predio Ferial Catamarca la tradicional feria artesanal \u201cManos Catamarque\u00f1as\u201d, que re\u00fane<\/p>\n","protected":false},"author":2,"featured_media":924,"comment_status":"closed","ping_status":"closed","sticky":false,"template":"","format":"standard","meta":{"footnotes":"","jetpack_publicize_message":"","jetpack_publicize_feature_enabled":true,"jetpack_social_post_already_shared":false,"jetpack_social_options":{"image_generator_settings":{"template":"highway","enabled":false},"version":2}},"categories":[3],"tags":[],"class_list":["post-923","post","type-post","status-publish","format-standard","has-post-thumbnail","hentry","category-sociedad"],"jetpack_publicize_connections":[],"_links":{"self":[{"href":"https:\/\/diariorepublica.com.ar\/web\/index.php\/wp-json\/wp\/v2\/posts\/923"}],"collection":[{"href":"https:\/\/diariorepublica.com.ar\/web\/index.php\/wp-json\/wp\/v2\/posts"}],"about":[{"href":"https:\/\/diariorepublica.com.ar\/web\/index.php\/wp-json\/wp\/v2\/types\/post"}],"author":[{"embeddable":true,"href":"https:\/\/diariorepublica.com.ar\/web\/index.php\/wp-json\/wp\/v2\/users\/2"}],"replies":[{"embeddable":true,"href":"https:\/\/diariorepublica.com.ar\/web\/index.php\/wp-json\/wp\/v2\/comments?post=923"}],"version-history":[{"count":1,"href":"https:\/\/diariorepublica.com.ar\/web\/index.php\/wp-json\/wp\/v2\/posts\/923\/revisions"}],"predecessor-version":[{"id":925,"href":"https:\/\/diariorepublica.com.ar\/web\/index.php\/wp-json\/wp\/v2\/posts\/923\/revisions\/925"}],"wp:featuredmedia":[{"embeddable":true,"href":"https:\/\/diariorepublica.com.ar\/web\/index.php\/wp-json\/wp\/v2\/media\/924"}],"wp:attachment":[{"href":"https:\/\/diariorepublica.com.ar\/web\/index.php\/wp-json\/wp\/v2\/media?parent=923"}],"wp:term":[{"taxonomy":"category","embeddable":true,"href":"https:\/\/diariorepublica.com.ar\/web\/index.php\/wp-json\/wp\/v2\/categories?post=923"},{"taxonomy":"post_tag","embeddable":true,"href":"https:\/\/diariorepublica.com.ar\/web\/index.php\/wp-json\/wp\/v2\/tags?post=923"}],"curies":[{"name":"wp","href":"https:\/\/api.w.org\/{rel}","templated":true}]}}