{"id":9239,"date":"2023-11-03T10:50:14","date_gmt":"2023-11-03T13:50:14","guid":{"rendered":"https:\/\/diariorepublica.com.ar\/web\/?p=9239"},"modified":"2023-11-03T10:50:16","modified_gmt":"2023-11-03T13:50:16","slug":"denuncian-a-integrantes-de-la-libertad-avanza-por-supuesta-malversacion-de-fondos-de-campana","status":"publish","type":"post","link":"https:\/\/diariorepublica.com.ar\/web\/index.php\/politica\/2023\/11\/03\/denuncian-a-integrantes-de-la-libertad-avanza-por-supuesta-malversacion-de-fondos-de-campana\/","title":{"rendered":"Denuncian a integrantes de La Libertad Avanza por supuesta malversaci\u00f3n de fondos de campa\u00f1a"},"content":{"rendered":"<p>El lunes \u00faltimo Jos\u00e9 Ceferino Quinteros, apoderado de la alianza electoral La Libertad Avanza, present\u00f3 una denuncia por supuesta malversaci\u00f3n de fondos p\u00fablicos y estafas, con los fondos que deposita la Direcci\u00f3n Nacional Electoral para boletas. Seg\u00fan denunci\u00f3, sospecha del manejo irregular de $ 6 millones. Apunt\u00f3 contra uno de los apoderados, Pablo Ag\u00fcero y la diputada electa Ver\u00f3nica Vallejos.<\/p>\n<p>Quinteros, dirigente del MID que conforma la alianza, declar\u00f3 en esa cuenta se han depositado fondos nacionales por parte de la Direcci\u00f3n Nacional Electoral, \u201cpero curiosamente los mismos no fueron retirados por los responsables econ\u00f3micos financieros ni se les dio cuenta a los mismos de los movimientos realizados en la cuenta\u201d, agrega en la presentaci\u00f3n en la Fiscal\u00eda Federal.<\/p>\n<p>Inform\u00f3 que la alianza cuenta con tres apoderados. En ese marco, afirma que en su condici\u00f3n de ser uno de los apoderados no logr\u00f3 tener acceso a la cuenta, ni siquiera para consultar su saldo. \u201cAnte la gravedad y la seria posibilidad de una malversaci\u00f3n de fondos p\u00fablicos, me veo en la obligaci\u00f3n de realizar la presente\u201d, indica.<\/p>\n<p>Quinteros a\u00f1ade que es autoridad del MID, partido que integra la alianza y expres\u00f3 que no le gustar\u00eda que el partido se viera manchado por \u201cel actuar inescrupuloso de algunas personas que se habr\u00edan apropiado de los fondos que ser\u00edan alrededor de seis millones de pesos o m\u00e1s\u201d, detall\u00f3. En ese marco denuncia que los otros apoderados son Pablo Ag\u00fcero y Ver\u00f3nica Vallejos, \u201cquienes tal vez est\u00e9n realizando estas maniobras inapropiadas con el desconocimiento de los responsables financieros de la alianza\u00bb, apunt\u00f3 y pidi\u00f3 a la Fiscal\u00eda que inicie la investigaci\u00f3n.<\/p>\n","protected":false},"excerpt":{"rendered":"<p>El lunes \u00faltimo Jos\u00e9 Ceferino Quinteros, apoderado de la alianza electoral La Libertad Avanza, present\u00f3 una denuncia por supuesta malversaci\u00f3n<\/p>\n","protected":false},"author":2,"featured_media":9240,"comment_status":"closed","ping_status":"closed","sticky":false,"template":"","format":"standard","meta":{"footnotes":"","jetpack_publicize_message":"","jetpack_publicize_feature_enabled":true,"jetpack_social_post_already_shared":true,"jetpack_social_options":{"image_generator_settings":{"template":"highway","enabled":false},"version":2}},"categories":[12],"tags":[],"class_list":["post-9239","post","type-post","status-publish","format-standard","has-post-thumbnail","hentry","category-politica"],"jetpack_publicize_connections":[],"_links":{"self":[{"href":"https:\/\/diariorepublica.com.ar\/web\/index.php\/wp-json\/wp\/v2\/posts\/9239"}],"collection":[{"href":"https:\/\/diariorepublica.com.ar\/web\/index.php\/wp-json\/wp\/v2\/posts"}],"about":[{"href":"https:\/\/diariorepublica.com.ar\/web\/index.php\/wp-json\/wp\/v2\/types\/post"}],"author":[{"embeddable":true,"href":"https:\/\/diariorepublica.com.ar\/web\/index.php\/wp-json\/wp\/v2\/users\/2"}],"replies":[{"embeddable":true,"href":"https:\/\/diariorepublica.com.ar\/web\/index.php\/wp-json\/wp\/v2\/comments?post=9239"}],"version-history":[{"count":1,"href":"https:\/\/diariorepublica.com.ar\/web\/index.php\/wp-json\/wp\/v2\/posts\/9239\/revisions"}],"predecessor-version":[{"id":9241,"href":"https:\/\/diariorepublica.com.ar\/web\/index.php\/wp-json\/wp\/v2\/posts\/9239\/revisions\/9241"}],"wp:featuredmedia":[{"embeddable":true,"href":"https:\/\/diariorepublica.com.ar\/web\/index.php\/wp-json\/wp\/v2\/media\/9240"}],"wp:attachment":[{"href":"https:\/\/diariorepublica.com.ar\/web\/index.php\/wp-json\/wp\/v2\/media?parent=9239"}],"wp:term":[{"taxonomy":"category","embeddable":true,"href":"https:\/\/diariorepublica.com.ar\/web\/index.php\/wp-json\/wp\/v2\/categories?post=9239"},{"taxonomy":"post_tag","embeddable":true,"href":"https:\/\/diariorepublica.com.ar\/web\/index.php\/wp-json\/wp\/v2\/tags?post=9239"}],"curies":[{"name":"wp","href":"https:\/\/api.w.org\/{rel}","templated":true}]}}