{"id":9264,"date":"2023-11-06T08:15:18","date_gmt":"2023-11-06T11:15:18","guid":{"rendered":"https:\/\/diariorepublica.com.ar\/web\/?p=9264"},"modified":"2023-11-06T08:15:19","modified_gmt":"2023-11-06T11:15:19","slug":"dia-nacional-del-donante-voluntario-y-habitual-de-sangre","status":"publish","type":"post","link":"https:\/\/diariorepublica.com.ar\/web\/index.php\/sociedad\/2023\/11\/06\/dia-nacional-del-donante-voluntario-y-habitual-de-sangre\/","title":{"rendered":"D\u00eda Nacional del Donante Voluntario y Habitual de Sangre"},"content":{"rendered":"<p>El Ministerio de Salud de la provincia, a trav\u00e9s del Banco Central de Sangre, en el marco del \u201c<em>D\u00eda Nacional del\u00a0Donante\u00a0Voluntario\u00a0y Habitual de\u00a0Sangre<\/em>\u201d, que se celebra cada 9 de noviembre, llevar\u00e1 a cabo acciones de promoci\u00f3n de la\u00a0donaci\u00f3n\u00a0voluntaria y habitual de\u00a0sangre, registro de c\u00e9lulas madre, concientizaci\u00f3n de la importancia de ser\u00a0donante\u00a0habitual y atenci\u00f3n integral a todas aquellas personas que deseen\u00a0donar\u00a0sangre\u00a0ese d\u00eda.<\/p>\n<p>El pr\u00f3ximo 9 de noviembre, conjuntamente con la Universidad Nacional de Catamarca, se realizar\u00e1 una Colecta de\u00a0Sangre e Inscripci\u00f3n al Registro de C\u00e9lulas Madre, de 8 a 19 horas en el Predio de la Facultad de Ciencias de la Salud, ubicada en calle Maestro Quiroga 125.<\/p>\n<p>Esta fecha se establece como el \u201c<em>D\u00eda Nacional del\u00a0Donante\u00a0Voluntario\u00a0y Habitual de\u00a0Sangre<\/em>\u201d en conmemoraci\u00f3n de la primera transfusi\u00f3n de\u00a0sangre\u00a0realizada en Argentina, en el Instituto Modelo del Hospital Rawson de Capital Federal, por el Dr. Luis Agote, lo que hizo posible la conservaci\u00f3n de la misma y permite salvar miles de vida.<\/p>\n<p>A trav\u00e9s de estas acciones se busca homenajear a los\u00a0donantes\u00a0y sensibilizar sobre la necesidad de disponer de\u00a0sangre\u00a0segura para quienes lo necesitan para salvar sus vidas, como forma de alentar a quienes todav\u00eda no donaron.<\/p>\n<p>Requisitos para donar sangre:<\/p>\n<p>\u00b7\u00a0\u00a0\u00a0\u00a0\u00a0\u00a0\u00a0\u00a0\u00a0Tener entre 16 y 65 a\u00f1os.<\/p>\n<p>\u00b7\u00a0\u00a0\u00a0\u00a0\u00a0\u00a0\u00a0\u00a0\u00a0No presentar ning\u00fan problema de salud.<\/p>\n<p>\u00b7\u00a0\u00a0\u00a0\u00a0\u00a0\u00a0\u00a0\u00a0\u00a0No haberse realizado tatuajes en el \u00faltimo a\u00f1o,<\/p>\n<p>\u00b7\u00a0\u00a0\u00a0\u00a0\u00a0\u00a0\u00a0\u00a0\u00a0No haberse realizado cirug\u00edas en los \u00faltimos 6 meses.<\/p>\n<p>\u00b7\u00a0\u00a0\u00a0\u00a0\u00a0\u00a0\u00a0\u00a0\u00a0No haber recibido transfusi\u00f3n de alg\u00fan componente sangu\u00edneo en el \u00faltimo a\u00f1o.<\/p>\n<p>\u00b7\u00a0\u00a0\u00a0\u00a0\u00a0\u00a0\u00a0\u00a0\u00a0Pesar m\u00e1s de 50 kg.<\/p>\n<p>\u00b7\u00a0\u00a0\u00a0\u00a0\u00a0\u00a0\u00a0\u00a0\u00a0NO concurrir en ayunas.<\/p>\n<p>Si toma alguna medicaci\u00f3n o por otras cuestiones acerca de su salud se eval\u00faa en la entrevista m\u00e9dica previa a la donaci\u00f3n.<\/p>\n<p>Para la inscripci\u00f3n del registro de c\u00e9lulas madre son los mismos criterios sumado a que es requisito donar una unidad de sangre y la edad para ingresar al registro es de 18 a 40 a\u00f1os de edad.<\/p>\n","protected":false},"excerpt":{"rendered":"<p>El Ministerio de Salud de la provincia, a trav\u00e9s del Banco Central de Sangre, en el marco del \u201cD\u00eda Nacional<\/p>\n","protected":false},"author":1,"featured_media":9265,"comment_status":"closed","ping_status":"closed","sticky":false,"template":"","format":"standard","meta":{"footnotes":"","jetpack_publicize_message":"","jetpack_publicize_feature_enabled":true,"jetpack_social_post_already_shared":true,"jetpack_social_options":{"image_generator_settings":{"template":"highway","enabled":false},"version":2}},"categories":[3],"tags":[],"class_list":["post-9264","post","type-post","status-publish","format-standard","has-post-thumbnail","hentry","category-sociedad"],"jetpack_publicize_connections":[],"_links":{"self":[{"href":"https:\/\/diariorepublica.com.ar\/web\/index.php\/wp-json\/wp\/v2\/posts\/9264"}],"collection":[{"href":"https:\/\/diariorepublica.com.ar\/web\/index.php\/wp-json\/wp\/v2\/posts"}],"about":[{"href":"https:\/\/diariorepublica.com.ar\/web\/index.php\/wp-json\/wp\/v2\/types\/post"}],"author":[{"embeddable":true,"href":"https:\/\/diariorepublica.com.ar\/web\/index.php\/wp-json\/wp\/v2\/users\/1"}],"replies":[{"embeddable":true,"href":"https:\/\/diariorepublica.com.ar\/web\/index.php\/wp-json\/wp\/v2\/comments?post=9264"}],"version-history":[{"count":1,"href":"https:\/\/diariorepublica.com.ar\/web\/index.php\/wp-json\/wp\/v2\/posts\/9264\/revisions"}],"predecessor-version":[{"id":9266,"href":"https:\/\/diariorepublica.com.ar\/web\/index.php\/wp-json\/wp\/v2\/posts\/9264\/revisions\/9266"}],"wp:featuredmedia":[{"embeddable":true,"href":"https:\/\/diariorepublica.com.ar\/web\/index.php\/wp-json\/wp\/v2\/media\/9265"}],"wp:attachment":[{"href":"https:\/\/diariorepublica.com.ar\/web\/index.php\/wp-json\/wp\/v2\/media?parent=9264"}],"wp:term":[{"taxonomy":"category","embeddable":true,"href":"https:\/\/diariorepublica.com.ar\/web\/index.php\/wp-json\/wp\/v2\/categories?post=9264"},{"taxonomy":"post_tag","embeddable":true,"href":"https:\/\/diariorepublica.com.ar\/web\/index.php\/wp-json\/wp\/v2\/tags?post=9264"}],"curies":[{"name":"wp","href":"https:\/\/api.w.org\/{rel}","templated":true}]}}