{"id":9328,"date":"2023-11-08T06:47:43","date_gmt":"2023-11-08T09:47:43","guid":{"rendered":"https:\/\/diariorepublica.com.ar\/web\/?p=9328"},"modified":"2023-11-08T06:47:46","modified_gmt":"2023-11-08T09:47:46","slug":"disconformidad-en-el-radicalismo-por-el-faltazo-de-fama-y-monti","status":"publish","type":"post","link":"https:\/\/diariorepublica.com.ar\/web\/index.php\/politica\/2023\/11\/08\/disconformidad-en-el-radicalismo-por-el-faltazo-de-fama-y-monti\/","title":{"rendered":"Disconformidad en el radicalismo por el faltazo de Fama y Monti"},"content":{"rendered":"<p>En medio de las recriminaciones y la interpelaci\u00f3n a la que fueron sometidas las principales autoridades de la UCR Catamarca, hubo lugar para lamentar los resultados obtenidos en las \u00faltimas elecciones y reclamos ante la ausencia de los principales candidatos de JPC, el senador nacional Flavio Fama, que aspiraba a la reelecci\u00f3n; y el diputado nacional Francisco Monti, aspirante a la intendencia de la Capital. El pr\u00f3ximo lunes habr\u00e1 un segundo round al que ser\u00e1n convocados.<\/p>\n<p>Al finalizar el plenario entre las autoridades del Comit\u00e9 Provincia y el bloque de diputados de la UCR en la noche del lunes, se convoc\u00f3 para que el pr\u00f3ximo lunes vuelvan a reunirse autoridades y militantes para hacer una evaluaci\u00f3n de la derrota en las elecciones de octubre pasado. Aunque a\u00fan no se hicieron las presentaciones formales (el clima tenso entre las autoridades se manten\u00eda ayer), se espera que para el pr\u00f3ximo lunes sean convocados los principales candidatos radicales para \u201cdar explicaciones\u201d a la militancia.<\/p>\n","protected":false},"excerpt":{"rendered":"<p>En medio de las recriminaciones y la interpelaci\u00f3n a la que fueron sometidas las principales autoridades de la UCR Catamarca,<\/p>\n","protected":false},"author":2,"featured_media":9329,"comment_status":"closed","ping_status":"closed","sticky":false,"template":"","format":"standard","meta":{"footnotes":"","jetpack_publicize_message":"","jetpack_publicize_feature_enabled":true,"jetpack_social_post_already_shared":true,"jetpack_social_options":{"image_generator_settings":{"template":"highway","enabled":false},"version":2}},"categories":[12],"tags":[],"class_list":["post-9328","post","type-post","status-publish","format-standard","has-post-thumbnail","hentry","category-politica"],"jetpack_publicize_connections":[],"_links":{"self":[{"href":"https:\/\/diariorepublica.com.ar\/web\/index.php\/wp-json\/wp\/v2\/posts\/9328"}],"collection":[{"href":"https:\/\/diariorepublica.com.ar\/web\/index.php\/wp-json\/wp\/v2\/posts"}],"about":[{"href":"https:\/\/diariorepublica.com.ar\/web\/index.php\/wp-json\/wp\/v2\/types\/post"}],"author":[{"embeddable":true,"href":"https:\/\/diariorepublica.com.ar\/web\/index.php\/wp-json\/wp\/v2\/users\/2"}],"replies":[{"embeddable":true,"href":"https:\/\/diariorepublica.com.ar\/web\/index.php\/wp-json\/wp\/v2\/comments?post=9328"}],"version-history":[{"count":1,"href":"https:\/\/diariorepublica.com.ar\/web\/index.php\/wp-json\/wp\/v2\/posts\/9328\/revisions"}],"predecessor-version":[{"id":9330,"href":"https:\/\/diariorepublica.com.ar\/web\/index.php\/wp-json\/wp\/v2\/posts\/9328\/revisions\/9330"}],"wp:featuredmedia":[{"embeddable":true,"href":"https:\/\/diariorepublica.com.ar\/web\/index.php\/wp-json\/wp\/v2\/media\/9329"}],"wp:attachment":[{"href":"https:\/\/diariorepublica.com.ar\/web\/index.php\/wp-json\/wp\/v2\/media?parent=9328"}],"wp:term":[{"taxonomy":"category","embeddable":true,"href":"https:\/\/diariorepublica.com.ar\/web\/index.php\/wp-json\/wp\/v2\/categories?post=9328"},{"taxonomy":"post_tag","embeddable":true,"href":"https:\/\/diariorepublica.com.ar\/web\/index.php\/wp-json\/wp\/v2\/tags?post=9328"}],"curies":[{"name":"wp","href":"https:\/\/api.w.org\/{rel}","templated":true}]}}