{"id":9331,"date":"2023-11-08T07:00:17","date_gmt":"2023-11-08T10:00:17","guid":{"rendered":"https:\/\/diariorepublica.com.ar\/web\/?p=9331"},"modified":"2023-11-08T07:00:19","modified_gmt":"2023-11-08T10:00:19","slug":"no-estoy-acostumbrado-a-esta-falta-de-respeto","status":"publish","type":"post","link":"https:\/\/diariorepublica.com.ar\/web\/index.php\/politica\/2023\/11\/08\/no-estoy-acostumbrado-a-esta-falta-de-respeto\/","title":{"rendered":"\u201cNo estoy acostumbrado a esta falta de respeto\u201d"},"content":{"rendered":"<p>Rodolfo Santillan, Intendente de Ancasti se hizo presente en la reunion de los radicales en el Comite Provincia de dicho Partido, pero a los pocos minutos se retir\u00f3 de este encuentro<\/p>\n<p>Se le pregunt\u00f3 a Santillan los motivos por los cuales habia decidido no continuar en la reunion y al respecto expres\u00f3 \u00a0\u201cMe levant\u00e9 y me fui porque no estoy acostumbrado a la falta de respeto. Pienso que fuimos a perder el tiempo\u201d, lanz\u00f3. \u201cAnoche sent\u00ed verg\u00fcenza ajena. En el comit\u00e9 de la UCR hubo solo atropellos, gritos. Nada dentro de la raz\u00f3n. En la discusi\u00f3n cada uno puede tener un poco de raz\u00f3n, pero siempre del lado del respeto\u201d, dijo.<\/p>\n<p>Para Santill\u00e1n, si JPC qued\u00f3 tercero en estas elecciones, con estas actitudes \u201cen la pr\u00f3xima quedamos quintos y c\u00f3modos\u201d. \u201cAs\u00ed como estamos, divididos y hechos pelota, en ese ambiente donde todo el mundo le faltaba el respeto a todo el mundo, \u00bfqu\u00e9 pod\u00e9s sacar de bueno y de productivo?\u201d<\/p>\n","protected":false},"excerpt":{"rendered":"<p>Rodolfo Santillan, Intendente de Ancasti se hizo presente en la reunion de los radicales en el Comite Provincia de dicho<\/p>\n","protected":false},"author":2,"featured_media":9332,"comment_status":"closed","ping_status":"closed","sticky":false,"template":"","format":"standard","meta":{"footnotes":"","jetpack_publicize_message":"","jetpack_publicize_feature_enabled":true,"jetpack_social_post_already_shared":true,"jetpack_social_options":{"image_generator_settings":{"template":"highway","enabled":false},"version":2}},"categories":[12],"tags":[],"class_list":["post-9331","post","type-post","status-publish","format-standard","has-post-thumbnail","hentry","category-politica"],"jetpack_publicize_connections":[],"_links":{"self":[{"href":"https:\/\/diariorepublica.com.ar\/web\/index.php\/wp-json\/wp\/v2\/posts\/9331"}],"collection":[{"href":"https:\/\/diariorepublica.com.ar\/web\/index.php\/wp-json\/wp\/v2\/posts"}],"about":[{"href":"https:\/\/diariorepublica.com.ar\/web\/index.php\/wp-json\/wp\/v2\/types\/post"}],"author":[{"embeddable":true,"href":"https:\/\/diariorepublica.com.ar\/web\/index.php\/wp-json\/wp\/v2\/users\/2"}],"replies":[{"embeddable":true,"href":"https:\/\/diariorepublica.com.ar\/web\/index.php\/wp-json\/wp\/v2\/comments?post=9331"}],"version-history":[{"count":1,"href":"https:\/\/diariorepublica.com.ar\/web\/index.php\/wp-json\/wp\/v2\/posts\/9331\/revisions"}],"predecessor-version":[{"id":9333,"href":"https:\/\/diariorepublica.com.ar\/web\/index.php\/wp-json\/wp\/v2\/posts\/9331\/revisions\/9333"}],"wp:featuredmedia":[{"embeddable":true,"href":"https:\/\/diariorepublica.com.ar\/web\/index.php\/wp-json\/wp\/v2\/media\/9332"}],"wp:attachment":[{"href":"https:\/\/diariorepublica.com.ar\/web\/index.php\/wp-json\/wp\/v2\/media?parent=9331"}],"wp:term":[{"taxonomy":"category","embeddable":true,"href":"https:\/\/diariorepublica.com.ar\/web\/index.php\/wp-json\/wp\/v2\/categories?post=9331"},{"taxonomy":"post_tag","embeddable":true,"href":"https:\/\/diariorepublica.com.ar\/web\/index.php\/wp-json\/wp\/v2\/tags?post=9331"}],"curies":[{"name":"wp","href":"https:\/\/api.w.org\/{rel}","templated":true}]}}