{"id":9334,"date":"2023-11-08T07:08:43","date_gmt":"2023-11-08T10:08:43","guid":{"rendered":"https:\/\/diariorepublica.com.ar\/web\/?p=9334"},"modified":"2023-11-08T07:08:45","modified_gmt":"2023-11-08T10:08:45","slug":"es-lamentable-que-desde-la-ucr-se-arme-semejante-escandalo-por-el-dialogo-con-el-oficialismo","status":"publish","type":"post","link":"https:\/\/diariorepublica.com.ar\/web\/index.php\/politica\/2023\/11\/08\/es-lamentable-que-desde-la-ucr-se-arme-semejante-escandalo-por-el-dialogo-con-el-oficialismo\/","title":{"rendered":"\u201cEs lamentable que desde la UCR se arme semejante esc\u00e1ndalo por el dialogo con el oficialismo\u201d"},"content":{"rendered":"<p>El ministro de Gobierno, Juan Cruz Miranda lament\u00f3 la reacci\u00f3n del principal partido de la oposici\u00f3n tras la reuni\u00f3n que mantuvo con el presidente de la UCR, Alfredo Marchioli, de quien volvi\u00f3 a destacar la vocaci\u00f3n de di\u00e1logo. \u201cA quienes hicieron una oposici\u00f3n m\u00e1s destructiva ya los han castigado en las urnas\u201d, dijo y asegur\u00f3 que la situaci\u00f3n \u201cno era para hacer semejante esc\u00e1ndalo\u201d.<\/p>\n<p>Miranda fue uno de los interlocutores que particip\u00f3 de la reuni\u00f3n en la casa del diputado Marchioli. All\u00ed, seg\u00fan dijo, buscaron \u201ctratar de armar una agenda legislativa\u201d. \u201cQueremos hacer algunos acuerdos en cuestiones trascendentales, que la oposici\u00f3n tambi\u00e9n participe en cuestiones de Estado como la miner\u00eda. Algunos proyectos incluso ya est\u00e1n en la Legislatura. No me quiero detener mucho en esto porque evidentemente es una interna en el radicalismo, pero me llama la atenci\u00f3n que digan que se hac\u00eda a escondidas, porque son proyectos que envi\u00f3 el Poder Ejecutivo para que se debatan en la Legislatura. Solamente quer\u00edamos, con las autoridades del partido y del bloque, tratar de ver si pod\u00edamos armar una agenda legislativa\u201d<\/p>\n<p>Miranda destac\u00f3 que \u201cAlfredo Marchioli y muchas personas m\u00e1s en la oposici\u00f3n tienen vocaci\u00f3n dialoguista\u201d. \u201cEso es muy bueno, podemos hablar con ellos. Creo que los que han sido m\u00e1s cr\u00edticos y han hecho una oposici\u00f3n m\u00e1s destructiva, sin propuestas, ya han sido castigados en las urnas\u201d<\/p>\n","protected":false},"excerpt":{"rendered":"<p>El ministro de Gobierno, Juan Cruz Miranda lament\u00f3 la reacci\u00f3n del principal partido de la oposici\u00f3n tras la reuni\u00f3n que<\/p>\n","protected":false},"author":2,"featured_media":9335,"comment_status":"closed","ping_status":"closed","sticky":false,"template":"","format":"standard","meta":{"footnotes":"","jetpack_publicize_message":"","jetpack_publicize_feature_enabled":true,"jetpack_social_post_already_shared":true,"jetpack_social_options":{"image_generator_settings":{"template":"highway","enabled":false},"version":2}},"categories":[12],"tags":[],"class_list":["post-9334","post","type-post","status-publish","format-standard","has-post-thumbnail","hentry","category-politica"],"jetpack_publicize_connections":[],"_links":{"self":[{"href":"https:\/\/diariorepublica.com.ar\/web\/index.php\/wp-json\/wp\/v2\/posts\/9334"}],"collection":[{"href":"https:\/\/diariorepublica.com.ar\/web\/index.php\/wp-json\/wp\/v2\/posts"}],"about":[{"href":"https:\/\/diariorepublica.com.ar\/web\/index.php\/wp-json\/wp\/v2\/types\/post"}],"author":[{"embeddable":true,"href":"https:\/\/diariorepublica.com.ar\/web\/index.php\/wp-json\/wp\/v2\/users\/2"}],"replies":[{"embeddable":true,"href":"https:\/\/diariorepublica.com.ar\/web\/index.php\/wp-json\/wp\/v2\/comments?post=9334"}],"version-history":[{"count":1,"href":"https:\/\/diariorepublica.com.ar\/web\/index.php\/wp-json\/wp\/v2\/posts\/9334\/revisions"}],"predecessor-version":[{"id":9336,"href":"https:\/\/diariorepublica.com.ar\/web\/index.php\/wp-json\/wp\/v2\/posts\/9334\/revisions\/9336"}],"wp:featuredmedia":[{"embeddable":true,"href":"https:\/\/diariorepublica.com.ar\/web\/index.php\/wp-json\/wp\/v2\/media\/9335"}],"wp:attachment":[{"href":"https:\/\/diariorepublica.com.ar\/web\/index.php\/wp-json\/wp\/v2\/media?parent=9334"}],"wp:term":[{"taxonomy":"category","embeddable":true,"href":"https:\/\/diariorepublica.com.ar\/web\/index.php\/wp-json\/wp\/v2\/categories?post=9334"},{"taxonomy":"post_tag","embeddable":true,"href":"https:\/\/diariorepublica.com.ar\/web\/index.php\/wp-json\/wp\/v2\/tags?post=9334"}],"curies":[{"name":"wp","href":"https:\/\/api.w.org\/{rel}","templated":true}]}}