{"id":9347,"date":"2023-11-08T07:41:56","date_gmt":"2023-11-08T10:41:56","guid":{"rendered":"https:\/\/diariorepublica.com.ar\/web\/?p=9347"},"modified":"2023-11-08T07:41:57","modified_gmt":"2023-11-08T10:41:57","slug":"noviembre-arranco-con-fuertes-subas-en-los-precios-de-alimentos-y-bebidas","status":"publish","type":"post","link":"https:\/\/diariorepublica.com.ar\/web\/index.php\/economia\/2023\/11\/08\/noviembre-arranco-con-fuertes-subas-en-los-precios-de-alimentos-y-bebidas\/","title":{"rendered":"Noviembre arranc\u00f3 con fuertes subas en los precios de alimentos y bebidas"},"content":{"rendered":"<p>Los precios de los alimentos, en la primera semana de noviembre, registraron un aumento del 5,1%, respecto de octubre, por encima de las alzas registradas en las \u00faltimas dos semanas, seg\u00fan un informe de la consultora Eco Goo.<\/p>\n<p>El incremento se produjo por \u00abel final de los acuerdos de precios negociados post PASO y la incertidumbre que imprime el panorama electoral\u00bb, indica el informe de la consultora.<\/p>\n<p>Seg\u00fan la proyecci\u00f3n de Eco Go con este registro, el alza en el precio de los alimentos en el ante\u00faltimo mes del a\u00f1o alcanzar\u00eda el 13,2% y le pone un piso de 12,2% a la general.<\/p>\n<p>Los datos de Eco Go surgen de un relevamiento que abarca a unos 10.000 productos de la canasta b\u00e1sica que ofrecen supermercados y comercios minoristas, seg\u00fan se\u00f1al\u00f3 en un comunicado.<\/p>\n<p>Los alimentos que m\u00e1s aumentaron fueron yerba (15%), cortes traseros de carne (11,2%), verduras frescas y congeladas (11.1%), otros cortes de carne (10,3%), frutas c\u00edtricas (9,4%), aceite puro y aves frescas y congeladas (6,1%), galletitas dulces (5,3%) y leche fluida (5,2%).<\/p>\n<p>Por debajo de esos incrementos se ubican la harina de trigo (4,4%), gaseosas (3,9%), cortes delanteros de carne (3%), huevos (2,9%) y manzana (1,8%).\u00a0\u00abLas carnes registraron un fuerte salto impulsadas por la variaci\u00f3n en la carne vacuna (6,4%) y de cerdo (10,3%) por la actualizaci\u00f3n del precio del ma\u00edz y la soja y las limitaciones para la importaci\u00f3n de insumos, que afectaron la producci\u00f3n\u00bb, se\u00f1al\u00f3 Eco Go.<\/p>\n<p>La consultora inform\u00f3 que los c\u00edtricos registraron una suba de 9,4% y el alza del 15% de la yerba, autorizada por la Secretar\u00eda de Agricultura.\u00a0El estudio se\u00f1ala que \u00abeste movimiento que estamos viendo tiene que ver con la descompresi\u00f3n de precios que tuvo que hacer el Gobierno despu\u00e9s de las elecciones.<\/p>\n<p>\u00abAlgo de eso lo vimos con la nafta y es probable que la suba en alimentos sea por eso\u00bb, explica Sebasti\u00e1n Menescaldi, director asociado de Eco Go.\u00a0El economista aclara que \u00aben los pr\u00f3ximos d\u00edas deber\u00edan desacelerar los aumentos, pero la gran inc\u00f3gnita es el resultado de las elecciones\u00bb.<\/p>\n<p>Los alimentos y bebidas acumulan en el a\u00f1o un alza de 127,8%, encabezados por el de la carne vacuna (226,8%), las carnes en general (189,5%), panificados y cereales (187,4%), pescados (182,5%), bebidas e infusiones (159%) y las verduras (150%).<\/p>\n<p>NA<\/p>\n","protected":false},"excerpt":{"rendered":"<p>Los precios de los alimentos, en la primera semana de noviembre, registraron un aumento del 5,1%, respecto de octubre, por<\/p>\n","protected":false},"author":1,"featured_media":9348,"comment_status":"closed","ping_status":"closed","sticky":false,"template":"","format":"standard","meta":{"footnotes":"","jetpack_publicize_message":"","jetpack_publicize_feature_enabled":true,"jetpack_social_post_already_shared":true,"jetpack_social_options":{"image_generator_settings":{"template":"highway","enabled":false},"version":2}},"categories":[5],"tags":[],"class_list":["post-9347","post","type-post","status-publish","format-standard","has-post-thumbnail","hentry","category-economia"],"jetpack_publicize_connections":[],"_links":{"self":[{"href":"https:\/\/diariorepublica.com.ar\/web\/index.php\/wp-json\/wp\/v2\/posts\/9347"}],"collection":[{"href":"https:\/\/diariorepublica.com.ar\/web\/index.php\/wp-json\/wp\/v2\/posts"}],"about":[{"href":"https:\/\/diariorepublica.com.ar\/web\/index.php\/wp-json\/wp\/v2\/types\/post"}],"author":[{"embeddable":true,"href":"https:\/\/diariorepublica.com.ar\/web\/index.php\/wp-json\/wp\/v2\/users\/1"}],"replies":[{"embeddable":true,"href":"https:\/\/diariorepublica.com.ar\/web\/index.php\/wp-json\/wp\/v2\/comments?post=9347"}],"version-history":[{"count":1,"href":"https:\/\/diariorepublica.com.ar\/web\/index.php\/wp-json\/wp\/v2\/posts\/9347\/revisions"}],"predecessor-version":[{"id":9349,"href":"https:\/\/diariorepublica.com.ar\/web\/index.php\/wp-json\/wp\/v2\/posts\/9347\/revisions\/9349"}],"wp:featuredmedia":[{"embeddable":true,"href":"https:\/\/diariorepublica.com.ar\/web\/index.php\/wp-json\/wp\/v2\/media\/9348"}],"wp:attachment":[{"href":"https:\/\/diariorepublica.com.ar\/web\/index.php\/wp-json\/wp\/v2\/media?parent=9347"}],"wp:term":[{"taxonomy":"category","embeddable":true,"href":"https:\/\/diariorepublica.com.ar\/web\/index.php\/wp-json\/wp\/v2\/categories?post=9347"},{"taxonomy":"post_tag","embeddable":true,"href":"https:\/\/diariorepublica.com.ar\/web\/index.php\/wp-json\/wp\/v2\/tags?post=9347"}],"curies":[{"name":"wp","href":"https:\/\/api.w.org\/{rel}","templated":true}]}}