{"id":9368,"date":"2023-11-08T08:46:14","date_gmt":"2023-11-08T11:46:14","guid":{"rendered":"https:\/\/diariorepublica.com.ar\/web\/?p=9368"},"modified":"2023-11-08T08:46:15","modified_gmt":"2023-11-08T11:46:15","slug":"el-gobernador-se-reunio-con-el-presidente-del-colegio-de-abogados","status":"publish","type":"post","link":"https:\/\/diariorepublica.com.ar\/web\/index.php\/politica\/2023\/11\/08\/el-gobernador-se-reunio-con-el-presidente-del-colegio-de-abogados\/","title":{"rendered":"El Gobernador se reuni\u00f3 con el presidente del Colegio de Abogados"},"content":{"rendered":"<p>El gobernador Ra\u00fal Jalil recibi\u00f3 en Casa de Gobierno al nuevo presidente del Colegio de Abogados y Abogadas de Catamarca, Exequiel Moreno, para dialogar sobre los proyectos y objetivos planteados por la recientemente asumida comisi\u00f3n directiva.<\/p>\n<p>Durante la reuni\u00f3n, el mandatario felicit\u00f3 a la flamante comisi\u00f3n directiva, expresando sus mejores deseos para su gesti\u00f3n.<\/p>\n<p>En el encuentro estuvieron presentes el vicegobernador Rub\u00e9n Dusso; el ministro de Gobierno, Justicia y Derechos Humanos, Juan Cruz Miranda; el asesor general del Gobierno, Nicol\u00e1s Rosales Matienzo y la secretar\u00eda de Coordinaci\u00f3n y Despacho de la Secretar\u00eda de Gabinete,\u00a0Luz\u00a0Soria.<\/p>\n","protected":false},"excerpt":{"rendered":"<p>El gobernador Ra\u00fal Jalil recibi\u00f3 en Casa de Gobierno al nuevo presidente del Colegio de Abogados y Abogadas de Catamarca,<\/p>\n","protected":false},"author":1,"featured_media":9369,"comment_status":"closed","ping_status":"closed","sticky":false,"template":"","format":"standard","meta":{"footnotes":"","jetpack_publicize_message":"","jetpack_publicize_feature_enabled":true,"jetpack_social_post_already_shared":true,"jetpack_social_options":{"image_generator_settings":{"template":"highway","enabled":false},"version":2}},"categories":[12],"tags":[],"class_list":["post-9368","post","type-post","status-publish","format-standard","has-post-thumbnail","hentry","category-politica"],"jetpack_publicize_connections":[],"_links":{"self":[{"href":"https:\/\/diariorepublica.com.ar\/web\/index.php\/wp-json\/wp\/v2\/posts\/9368"}],"collection":[{"href":"https:\/\/diariorepublica.com.ar\/web\/index.php\/wp-json\/wp\/v2\/posts"}],"about":[{"href":"https:\/\/diariorepublica.com.ar\/web\/index.php\/wp-json\/wp\/v2\/types\/post"}],"author":[{"embeddable":true,"href":"https:\/\/diariorepublica.com.ar\/web\/index.php\/wp-json\/wp\/v2\/users\/1"}],"replies":[{"embeddable":true,"href":"https:\/\/diariorepublica.com.ar\/web\/index.php\/wp-json\/wp\/v2\/comments?post=9368"}],"version-history":[{"count":1,"href":"https:\/\/diariorepublica.com.ar\/web\/index.php\/wp-json\/wp\/v2\/posts\/9368\/revisions"}],"predecessor-version":[{"id":9370,"href":"https:\/\/diariorepublica.com.ar\/web\/index.php\/wp-json\/wp\/v2\/posts\/9368\/revisions\/9370"}],"wp:featuredmedia":[{"embeddable":true,"href":"https:\/\/diariorepublica.com.ar\/web\/index.php\/wp-json\/wp\/v2\/media\/9369"}],"wp:attachment":[{"href":"https:\/\/diariorepublica.com.ar\/web\/index.php\/wp-json\/wp\/v2\/media?parent=9368"}],"wp:term":[{"taxonomy":"category","embeddable":true,"href":"https:\/\/diariorepublica.com.ar\/web\/index.php\/wp-json\/wp\/v2\/categories?post=9368"},{"taxonomy":"post_tag","embeddable":true,"href":"https:\/\/diariorepublica.com.ar\/web\/index.php\/wp-json\/wp\/v2\/tags?post=9368"}],"curies":[{"name":"wp","href":"https:\/\/api.w.org\/{rel}","templated":true}]}}