{"id":9384,"date":"2023-11-09T07:59:04","date_gmt":"2023-11-09T10:59:04","guid":{"rendered":"https:\/\/diariorepublica.com.ar\/web\/?p=9384"},"modified":"2023-11-09T07:59:06","modified_gmt":"2023-11-09T10:59:06","slug":"buscan-prohibir-el-ingreso-al-estado-a-condenados-por-violencia-de-genero","status":"publish","type":"post","link":"https:\/\/diariorepublica.com.ar\/web\/index.php\/politica\/2023\/11\/09\/buscan-prohibir-el-ingreso-al-estado-a-condenados-por-violencia-de-genero\/","title":{"rendered":"Buscan prohibir el ingreso al Estado a condenados por violencia de g\u00e9nero"},"content":{"rendered":"<p>Diputados aprob\u00f3 con media sanci\u00f3n un proyecto de ley que marca un nuevo hito en la lucha contra la violencia de g\u00e9nero. Se trata de la iniciativa impulsada por la titular del cuerpo, Cecilia Guerrero, y cuyo objetivo principal es establecer la prohibici\u00f3n de ingresar, permanecer y\/o ejercer como funcionario o empleado de la administraci\u00f3n provincial a aquellos involucrados en actos de violencia de g\u00e9nero. Adem\u00e1s, la iniciativa deja en claro cu\u00e1l ser\u00e1 el procedimiento de remoci\u00f3n para quienes hayan cometido violencia familiar o de g\u00e9nero en los cargos de Gobernador, Vice, Ministros de la Corte de Justicia, Legislador, integrante del Tribunal de Cuentas, Intendentes y Concejales.<\/p>\n<p>La Ley establece la cesant\u00eda para agresores declarados en sede civil y exoneraci\u00f3n para aquellos con condena penal relacionada con violencia de g\u00e9nero. En el caso de legisladores, la C\u00e1mara a la que pertenecen deber\u00e1 decidir la separaci\u00f3n, cumpliendo con la exigencia de la ley. Lo mismo se aplica a miembros de la Corte, Gobernador, Vice, Intendentes y Concejales, con procedimientos espec\u00edficos para cada caso.<\/p>\n<p>\u00abLa violencia de g\u00e9nero es considerada una grave ofensa a la dignidad de las mujeres e identidades diversas\u00bb dijo la autora de la iniciativa para acotar que \u00abaspiramos con esto a que sea una norma disuasiva\u00bb. A la vez, explic\u00f3 que se establece la cesant\u00eda para agresores declarados en sede civil y la exoneraci\u00f3n para aquellos con condena penal relacionada con violencia de g\u00e9nero.<\/p>\n","protected":false},"excerpt":{"rendered":"<p>Diputados aprob\u00f3 con media sanci\u00f3n un proyecto de ley que marca un nuevo hito en la lucha contra la violencia<\/p>\n","protected":false},"author":2,"featured_media":9385,"comment_status":"closed","ping_status":"closed","sticky":false,"template":"","format":"standard","meta":{"footnotes":"","jetpack_publicize_message":"","jetpack_publicize_feature_enabled":true,"jetpack_social_post_already_shared":true,"jetpack_social_options":{"image_generator_settings":{"template":"highway","enabled":false},"version":2}},"categories":[12],"tags":[],"class_list":["post-9384","post","type-post","status-publish","format-standard","has-post-thumbnail","hentry","category-politica"],"jetpack_publicize_connections":[],"_links":{"self":[{"href":"https:\/\/diariorepublica.com.ar\/web\/index.php\/wp-json\/wp\/v2\/posts\/9384"}],"collection":[{"href":"https:\/\/diariorepublica.com.ar\/web\/index.php\/wp-json\/wp\/v2\/posts"}],"about":[{"href":"https:\/\/diariorepublica.com.ar\/web\/index.php\/wp-json\/wp\/v2\/types\/post"}],"author":[{"embeddable":true,"href":"https:\/\/diariorepublica.com.ar\/web\/index.php\/wp-json\/wp\/v2\/users\/2"}],"replies":[{"embeddable":true,"href":"https:\/\/diariorepublica.com.ar\/web\/index.php\/wp-json\/wp\/v2\/comments?post=9384"}],"version-history":[{"count":1,"href":"https:\/\/diariorepublica.com.ar\/web\/index.php\/wp-json\/wp\/v2\/posts\/9384\/revisions"}],"predecessor-version":[{"id":9386,"href":"https:\/\/diariorepublica.com.ar\/web\/index.php\/wp-json\/wp\/v2\/posts\/9384\/revisions\/9386"}],"wp:featuredmedia":[{"embeddable":true,"href":"https:\/\/diariorepublica.com.ar\/web\/index.php\/wp-json\/wp\/v2\/media\/9385"}],"wp:attachment":[{"href":"https:\/\/diariorepublica.com.ar\/web\/index.php\/wp-json\/wp\/v2\/media?parent=9384"}],"wp:term":[{"taxonomy":"category","embeddable":true,"href":"https:\/\/diariorepublica.com.ar\/web\/index.php\/wp-json\/wp\/v2\/categories?post=9384"},{"taxonomy":"post_tag","embeddable":true,"href":"https:\/\/diariorepublica.com.ar\/web\/index.php\/wp-json\/wp\/v2\/tags?post=9384"}],"curies":[{"name":"wp","href":"https:\/\/api.w.org\/{rel}","templated":true}]}}