{"id":9400,"date":"2023-11-09T08:23:58","date_gmt":"2023-11-09T11:23:58","guid":{"rendered":"https:\/\/diariorepublica.com.ar\/web\/?p=9400"},"modified":"2023-11-09T08:23:59","modified_gmt":"2023-11-09T11:23:59","slug":"wanda-nara-lanzo-bad-bitch-su-primera-cancion","status":"publish","type":"post","link":"https:\/\/diariorepublica.com.ar\/web\/index.php\/espectaculos\/2023\/11\/09\/wanda-nara-lanzo-bad-bitch-su-primera-cancion\/","title":{"rendered":"Wanda Nara lanz\u00f3 \u2018Bad Bitch\u2019, su primera canci\u00f3n"},"content":{"rendered":"<p><strong>Wanda Nara<\/strong>\u00a0debut\u00f3 como cantante con\u00a0<strong>\u2018Bad Bitch\u2019<\/strong>, su primera canci\u00f3n en colaboraci\u00f3n con el<strong>\u00a0Dj Negro Dub<\/strong>. La modelo e influencer present\u00f3 su nuevo tema de m\u00fasica electr\u00f3nica junto a un jugado videoclip.<\/p>\n<p>En la letra de su primera canci\u00f3n, Wanda habla sobre su vida de lujos y su relaci\u00f3n casual con un supuesto hombre.\u00a0<strong>\u201cSiempre consigo todo lo que quiero. \u00c9l me gust\u00f3, parece sincero. Lo veo y lo quiero. Lo quiero y lo tengo\u201d<\/strong>, comienza la canci\u00f3n de la modelo.<\/p>\n<p>En el videoclip de \u2018Bad Bitch\u2019, Wanda est\u00e1 rodeada de<strong>\u00a0joyas, fragancias y carteras de lujo<\/strong>. Adem\u00e1s, del video se destaca la sensualidad y es acompa\u00f1ada por bailarines vestidos con arneses y pantalones ajustados.<\/p>\n<p>La nueva canci\u00f3n de Wanda cont\u00f3 con la producci\u00f3n musical del dj Negro Dub y\u00a0<strong>Maxi El Brother<\/strong>. La modelo ya hab\u00eda trabajado anteriormente con estos artistas cuando particip\u00f3 de\u00a0<strong>\u201cEl \u00daltimo Rom\u00e1ntico\u201d<\/strong>, la canci\u00f3n de\u00a0<strong>L-Gante<\/strong>.<\/p>\n<p>Durante las \u00faltimas semanas, la hermana de Zaira Nara promocion\u00f3 el lanzamiento de su nueva canci\u00f3n en sus redes sociales. Wanda revel\u00f3 que este 8 de noviembre ser\u00eda el estreno de su canci\u00f3n y consult\u00f3 las expectativas de sus seguidores.<strong>\u00a0\u201c\u00bfQu\u00e9 g\u00e9nero musical piensan que es?\u201d<\/strong>, pregunt\u00f3 a los usuarios de Instagram.<\/p>\n<p>Mir\u00e1 el video\u00a0<\/p>\n\n\n<p><a href=\"https:\/\/www.youtube.com\/watch?v=PH747Bti9vk\">https:\/\/www.youtube.com\/watch?v=PH747Bti9vk<\/a><\/p>\n","protected":false},"excerpt":{"rendered":"<p>Wanda Nara\u00a0debut\u00f3 como cantante con\u00a0\u2018Bad Bitch\u2019, su primera canci\u00f3n en colaboraci\u00f3n con el\u00a0Dj Negro Dub. La modelo e influencer present\u00f3<\/p>\n","protected":false},"author":1,"featured_media":9401,"comment_status":"closed","ping_status":"closed","sticky":false,"template":"","format":"standard","meta":{"footnotes":"","jetpack_publicize_message":"","jetpack_publicize_feature_enabled":true,"jetpack_social_post_already_shared":true,"jetpack_social_options":{"image_generator_settings":{"template":"highway","enabled":false},"version":2}},"categories":[7],"tags":[],"class_list":["post-9400","post","type-post","status-publish","format-standard","has-post-thumbnail","hentry","category-espectaculos"],"jetpack_publicize_connections":[],"_links":{"self":[{"href":"https:\/\/diariorepublica.com.ar\/web\/index.php\/wp-json\/wp\/v2\/posts\/9400"}],"collection":[{"href":"https:\/\/diariorepublica.com.ar\/web\/index.php\/wp-json\/wp\/v2\/posts"}],"about":[{"href":"https:\/\/diariorepublica.com.ar\/web\/index.php\/wp-json\/wp\/v2\/types\/post"}],"author":[{"embeddable":true,"href":"https:\/\/diariorepublica.com.ar\/web\/index.php\/wp-json\/wp\/v2\/users\/1"}],"replies":[{"embeddable":true,"href":"https:\/\/diariorepublica.com.ar\/web\/index.php\/wp-json\/wp\/v2\/comments?post=9400"}],"version-history":[{"count":1,"href":"https:\/\/diariorepublica.com.ar\/web\/index.php\/wp-json\/wp\/v2\/posts\/9400\/revisions"}],"predecessor-version":[{"id":9402,"href":"https:\/\/diariorepublica.com.ar\/web\/index.php\/wp-json\/wp\/v2\/posts\/9400\/revisions\/9402"}],"wp:featuredmedia":[{"embeddable":true,"href":"https:\/\/diariorepublica.com.ar\/web\/index.php\/wp-json\/wp\/v2\/media\/9401"}],"wp:attachment":[{"href":"https:\/\/diariorepublica.com.ar\/web\/index.php\/wp-json\/wp\/v2\/media?parent=9400"}],"wp:term":[{"taxonomy":"category","embeddable":true,"href":"https:\/\/diariorepublica.com.ar\/web\/index.php\/wp-json\/wp\/v2\/categories?post=9400"},{"taxonomy":"post_tag","embeddable":true,"href":"https:\/\/diariorepublica.com.ar\/web\/index.php\/wp-json\/wp\/v2\/tags?post=9400"}],"curies":[{"name":"wp","href":"https:\/\/api.w.org\/{rel}","templated":true}]}}