{"id":9412,"date":"2023-11-09T08:29:36","date_gmt":"2023-11-09T11:29:36","guid":{"rendered":"https:\/\/diariorepublica.com.ar\/web\/?p=9412"},"modified":"2023-11-09T08:29:38","modified_gmt":"2023-11-09T11:29:38","slug":"rossi-y-villarruel-protagonizaron-un-tenso-debate-con-fuertes-cruces-y-chicanas","status":"publish","type":"post","link":"https:\/\/diariorepublica.com.ar\/web\/index.php\/politica\/2023\/11\/09\/rossi-y-villarruel-protagonizaron-un-tenso-debate-con-fuertes-cruces-y-chicanas\/","title":{"rendered":"Rossi y Villarruel protagonizaron un tenso debate con fuertes cruces y chicanas"},"content":{"rendered":"<article class=\"article-body article-body--first-paragraph content-protected-false\" data-td-script-src=\"https:\/\/www.ambito.com\/td\/modulos\/encuestas\/js\/function-embeds-min-version-1699502833.js\">A 11 d\u00edas del\u00a0<strong>balotaje<\/strong>, los candidatos a vicepresidentes\u00a0<strong>Agust\u00edn Rossi<\/strong>\u00a0(Uni\u00f3n por la Patria) y\u00a0<strong>Victoria Villarruel<\/strong>\u00a0(La Libertad Avanza) protagonizaron esta noche un\u00a0<strong>tenso debate<\/strong>\u00a0que incluy\u00f3 fuertes\u00a0<strong>cruces<\/strong>\u00a0y\u00a0<strong>chicanas<\/strong>\u00a0sobre Econom\u00eda, Seguridad, Justicia y Derechos Humanos y Medio Ambiente, entre otros puntos.<\/p>\n<\/article>\n<article class=\"article-body article-body--second-paragraph content-protected-false\">La candidata libertaria comenz\u00f3 el debate en TN con una dura acusaci\u00f3n: \u00ab<strong>Todo lo que vas a escuchar de Rossi es mentira<\/strong>. Cada una de las cosas que proponen simplemente las podr\u00edan haber realizado en los \u00faltimos cuatro a\u00f1os pero decidieron no hacerlo\u00bb.<\/p>\n<article class=\"article-body article-body--third-paragraph content-protected-false\">A continuaci\u00f3n, al hablar de sus propuestas econ\u00f3micas,\u00a0<strong>afirm\u00f3 que junto a Milei van \u00aba frenar la inflaci\u00f3n de un hondazo\u00bb<\/strong>\u00a0y \u00aba detener la emisi\u00f3n monetaria\u00bb.<\/p>\n<\/article>\n<article class=\"article-body article-body--fourth-paragraph content-protected-false\">En su primera alocuci\u00f3n,\u00a0<strong>Rossi<\/strong>\u00a0asegur\u00f3 que con Massa se comprometer\u00e1n \u00aba mantener y ampliar los puestos de trabajo y a aumentar el poder adquisitivo del salario\u00bb.\u00a0<strong>\u00abLlevamos 37 meses consecutivos de crecimiento del empleo asalariado privado registrado.<\/strong>\u00a0Dos actividades son las que han traccionado: la construcci\u00f3n y la hoteler\u00eda y gastronom\u00eda. Impulsadas por dos pol\u00edticas publicas,\u00a0<strong>construcci\u00f3n de vivienda y obra p\u00fablica, y PreViaje\u00bb que, seg\u00fan dijo, \u00abdesaparecen si Milei gana las elecciones\u00bb.<\/strong><\/p>\n<\/article>\n<article class=\"article-body article-body--remaining-paragraph content-protected-false\">Adem\u00e1s, remarc\u00f3 que el ministro de Econom\u00eda ya \u00abha tomado decisiones trascendentes para recuperar el poder adquisitivo del salario\u00bb y se\u00f1al\u00f3 que \u00abeste mes m\u00e1s de un mill\u00f3n de argentinos han cobrado su sueldo sin la\u00a0<strong>deducci\u00f3n del impuesto a las ganancias<\/strong>\u00ab.<\/p>\n<p>Y le respondi\u00f3 a Villarruel respecto a la inflaci\u00f3n:\u00a0<strong>\u00abLa inflaci\u00f3n no se baja de un hondazo, Villarruel.<\/strong>\u00a0La realidad es que el cr\u00f3nico faltan de de reservas y divisas es la causa principal de los procesos inflacionarios. Hay tres maneras. Dos propone Milei que son endeudamiento y venta de empresas p\u00fablicas. La que proponemos con Massa es una verdadera revoluci\u00f3n exportadora, potenciando las actividades\u00bb.<\/p>\n<p>Adem\u00e1s, le achac\u00f3 a Villarruel que<strong>\u00a0\u00ablos \u00fanicos que mienten son vos y tu candidato, que dijo que Bullrich era una montonera asesina, pone bombas, y a los dos d\u00edas la abraz\u00f3 y le dijo que coincid\u00eda con sus propuestas\u00bb.<\/strong><\/p>\n<p>La respuesta de Villarruel no tard\u00f3 en llegar.\u00a0<strong>\u00abRossi cuenta un pa\u00eds en el que vive en una galaxia desconocida.\u00a0<\/strong>En el Presupuesto 2024 van grabar con m\u00e1s IVA los alimentos, por ejemplo, el pan o la carne. Y van a aumentar los bienes personales a aquellos que tienen propiedades rurales. Este es un mundo de fantas\u00eda el que cuenta Rossi, que no solamente no van a poder aplicar. Definitivamente qu\u00e9 pa\u00eds nos estas ofreciendo m\u00e1s que una simple mentira\u00bb.<\/p>\n<h6>Seguridad y Defensa<\/h6>\n<p>Al hablar de seguridad, el jefe de gabinete record\u00f3 su paso por el ministerio de Defensa: \u00abHe sido ministro de\u00a0<strong>Defensa<\/strong>\u00a0en dos oportunidades. Impulse y presente la ley del\u00a0<strong>FONDEF<\/strong>\u00a0para la defensa y reequipamiento de las Fuerzas Armadas. Al mismo tiempo me preocup\u00e9 por el\u00a0<strong>salario<\/strong>\u00a0militar. Cuando llegue a Defensa, un gran porcentaje del salario del personal estaba en negro. Venia de la \u00e9poca de\u00a0<strong>Cavallo,<\/strong>\u00a0que ahora asesora a\u00a0<strong>Milei.<\/strong>\u00a0Pasamos inmediatamente esos suplementos no remunerativos al\u00a0<strong>salario<\/strong>\u00a0y genero una mejora en las pensiones y en los haberes de toda la familia militar. Ahora estamos en un plan de\u00a0<strong>jerarquizaci\u00f3n<\/strong>\u00a0<strong>de los salarios<\/strong>\u00a0para equipararnos con las fuerzas de seguridad. Es en cinco etapas. Llevamos abonados tres tramos. Los otros dos ser\u00e1n para el pr\u00f3ximo a\u00f1o\u00bb.<\/p>\n<p>Villarruel opt\u00f3 por cuestionar la inseguridad que viven los argentinos. \u00abDesde hace 20 a\u00f1os el \u00e1mbito de seguridad tiene una devastaci\u00f3n como nunca hemos conocido.\u00a0<strong>La inseguridad dej\u00f3 de ser una sensaci\u00f3n para ser una realidad (&#8230;)<\/strong>. Estamos completamente indefensos. Por es quiero preguntarte donde queres a los delincuentes: \u00bfpresos o libres? Yo los quiero adentro y este se\u00f1or los quiere libres. Nuestra propuesta es de sentido com\u00fan: el que las hace las paga. Y lo segundo que vamos a hacer es un cambio de paradigma: ellos est\u00e1n del lado de los delincuentes y nosotros de la polic\u00eda. Por eso les vamos a dar mejor equipamiento\u00bb.<\/p>\n<p>El jefe de gabinete y compa\u00f1ero de f\u00f3rmula de\u00a0<strong>Sergio Massa<\/strong>\u00a0apunt\u00f3 contra otro aspecto sensible para Villarruel como es la defenas de las Malvinas.\u00a0<strong>\u00abMalvinas<\/strong>\u00a0es una cuesti\u00f3n importante\u00bb que requiere \u00abposiciones claras\u00bb y critic\u00f3 la postura de referentes de La Libertad Avanza, que pretenden \u00abdialogar con los isle\u00f1os\u00bb y \u00abadmiran a (Margaret)\u00a0<strong>Tatcher\u00bb.<\/strong><\/p>\n<p>\u00abEn Malvinas hay usurpaci\u00f3n del territorio nacional por parte de una potencia extranjera que es Gran Breta\u00f1a, que ha instalado una base con misma cantidad de soldados brit\u00e1nicos que de isle\u00f1os\u00bb, indic\u00f3 Rossi.<\/p>\n<p>La candidata a vicepresidente de La Libertad Avanza afirm\u00f3 que si su espacio pol\u00edtico llega al gobierno, va a\u00a0<strong>\u00abcrear las condiciones de confiabilidad\u00bb para dolarizar\u00a0<\/strong>la econom\u00eda del pa\u00eds.<\/p>\n<p>\u00abVamos a crear las\u00a0<strong>condiciones<\/strong>\u00a0<strong>de confiabilidad<\/strong>\u00a0para que los argentinos decidan utilizar sus d\u00f3lares en el pa\u00eds, puedan comprar, invertir y hacer su proyecto de vida\u00bb, asegur\u00f3 Villarruel, compa\u00f1era de f\u00f3rmula de\u00a0<strong>Javier Milei.<\/strong><\/p>\n<h6><strong>Cruces<\/strong><\/h6>\n<p>Durante un tenso momento, los candidatos\u00a0<strong>cruzaron preguntas y respuestas cara a cara<\/strong>. En el turno de Villarruel, la candidata libertaria le consult\u00f3 sobre el grupo terrorista Hamas y sobre Ir\u00e1n.<\/p>\n<p><strong>Villarruel:<\/strong>\u00a0\u00bfEstas a favor del terrorismo y del terrorismo de\u00a0<strong>Hamas?<\/strong><\/p>\n<p><strong>Rossi:<\/strong>\u00a0Nuestro candidato fue el \u00fanico que en el debate presidencial propuso declarar a Hamas como terrorista.<\/p>\n<p><strong>Villarruel.:<\/strong>\u00a0Entonces \u00bfPor qu\u00e9 favoreciste el Memor\u00e1ndum con\u00a0<strong>Ir\u00e1n?<\/strong><\/p>\n<p><strong>Rossi:<\/strong>\u00a0Fue un proyecto del Ejecutivo que tenia un objetivo: sentar a los imputados ante la Justicia. Eso se aprob\u00f3 con mayor\u00eda parlamentaria y finalmente no se concret\u00f3.<\/p>\n<p>Cuando le lleg\u00f3 el turno de preguntar al\u00a0<strong>candidato de Uni\u00f3n por la Patria<\/strong>, apunt\u00f3 contra la propuesta de\u00a0<strong>dolarizaci\u00f3n<\/strong>\u00a0de Milei y, al mismo tiempo, le consult\u00f3 sobre las declaraciones del libertario respecto a vender\u00a0<strong>YPF<\/strong>\u00a0y\u00a0<strong>Vaca Muerta.<\/strong><\/p>\n<p><strong>Rossi:<\/strong>\u00a0Tu candidato dice que va a dolarizar pero para eso faltan d\u00f3lares, aunque no dice de d\u00f3nde los va a sacar. Pero tambi\u00e9n dice que es mas f\u00e1cil si el d\u00f3lar est\u00e1 caro, por lo tanto van a provocar una brutal devaluaci\u00f3n con mas pobreza. \u00bfPor qu\u00e9 insiste con eso?<\/p>\n<p><strong>Villarruel:<\/strong>\u00a0La realidad es que los argentinos ahorran en d\u00f3lares y somos el tercer pa\u00eds poseedor de d\u00f3lares f\u00edsicos. Vamos a crear las condiciones de confiabilidad que no cre\u00f3 tu gobierno para que los argentinos decidan usar sus d\u00f3lares en nuestro pa\u00eds.<\/p>\n<p><strong>Rossi:<\/strong>\u00a0Voluntarismo absoluto entonces. Tu candidato dice que quiere vender YPF, \u00bfPor qu\u00e9 quiere vender una empresa superavitaria? \u00bfY por qu\u00e9 quiere vender Vaca muerta?<\/p>\n<p><strong>Villarruel:<\/strong>\u00a0No s\u00e9. Lo que me preocupa es que nos dejaron un lindo regalo de u$s16 mil millones por los juicios gracias a Kicillof. Lo subterr\u00e1neo es de las provincias. No se va a vender.<\/p>\n<p>En otro de los momentos candentes, Rossi apunt\u00f3 directo contra la\u00a0<strong>posici\u00f3n negacionista de Villarruel<\/strong>, quien durante a\u00f1os ejerci\u00f3 como\u00a0<strong>abogada defensora de militares<\/strong>\u00a0<strong>acusados de violar los derechos humanos\u00a0<\/strong>en la \u00faltima dictadura. Sin embargo, la candidata libertaria eludi\u00f3 la respuesta.<\/p>\n<p><strong>Rossi:<\/strong>\u00a0\u00bfEst\u00e1s de acuerdo con la libertad de los genocidas?<\/p>\n<p><strong>Villarruel:<\/strong>\u00a0Yo lo que me parece que es importante, m\u00e1s all\u00e1 de tu pregunta, es que reconozcamos que ac\u00e1 hubo v\u00edctimas del terrorismo que no tienen derechos humanos. \u00bfPor qu\u00e9 no est\u00e1n presos los que asesinaron al ingeniero Amelong? Entonces cuando voy a las marchas e investigo lo que hago es reconstruir la parte de la historia que ustedes borraron.<\/p>\n<p><strong>Rossi:<\/strong>\u00a0Te vuelvo a repetir la pregunta. \u00bfVos quer\u00e9s la libertad de los genocidas que est\u00e1n cumpliendo condena?<\/p>\n<p><strong>Villarruel:<\/strong>\u00a0\u00bfY con los que est\u00e1 en prisi\u00f3n preventiva hace 10 a\u00f1os qu\u00e9 hacemos? Hay pactos internacionales que no permiten cumplir m\u00e1s de tres a\u00f1os de prisi\u00f3n preventiva. Estas violando los derechos humanos<\/p>\n<p><strong>Rossi:<\/strong>\u00a0Me quedo con la sensaci\u00f3n de que quer\u00e9s que todos los genocidas est\u00e9n en libertad.<\/p>\n<p><strong>Villarruel:<\/strong>\u00a0Yo quiero que se respete la ley. Quedate con lo que quieras. Yo me quedo con que ustedes violan los derechos humanos.<\/p>\n<h6>Derechos humanos<\/h6>\n<p>Por otro lado, la abogada defensora de genocidas afirm\u00f3 hoy, tal como hizo Javier Milei durante la campa\u00f1a electoral, que las personas secuestradas y desaparecidas por la \u00faltima dictadura c\u00edvica militar \u00abno fueron 30.000\u00bb .<\/p>\n<p><strong>\u00abNo fueron 30.000 los desaparecidos\u00bb<\/strong>, asever\u00f3 Villarruel, y expres\u00f3 que en el Parque de la Memoria, situado en la Costanera Norte de la ciudad de Buenos Aires, \u00abhay 8.751 nombres. \u00bfD\u00f3nde est\u00e1n los dem\u00e1s?\u00bb, pregunt\u00f3.<\/p>\n<p>El jefe de Gabinete no dud\u00f3 en asegurar que\u00a0<strong>\u00abla dictadura ejerci\u00f3 un plan de exterminio masivo, no fue una guerra ni hubo excesos\u00bb<\/strong>\u00a0y afirm\u00f3 que \u00abla construcci\u00f3n de memoria, verdad y justicia es colectiva, nos pertenece a todos los espacios pol\u00edticos democr\u00e1ticos de Argentina\u00bb.<\/p>\n<h6>Medio ambiente, educaci\u00f3n y g\u00e9nero<\/h6>\n<p>Y aprovech\u00f3 para remarcar que el espacio pol\u00edtico que integra junto a Milei no avala las propuestas incluidas en la Agenda 2030 de Desarrollo Sostenible, que incluye poner fin a la pobreza, proteger el planeta y mejorar las vidas de las personas en todo el mundo.<strong>\u00a0\u00abNo estamos con la Agenda 2030 porque privilegiamos la soberan\u00eda del Estado argentino por sobre la imposici\u00f3n de otros pa\u00edses\u00bb<\/strong>, dijo.<\/p>\n<p>Rossi, por su parte, se refiri\u00f3 a \u00abla cuesti\u00f3n ambiental\u00bb y se\u00f1al\u00f3 que \u00abuna de la pol\u00edticas p\u00fablicas que lleva adelante nuestro pa\u00eds son los parques nacionales\u00bb, porque \u00abno queremos m\u00e1s Joe Lewis ni Lago Escondido\u00bb.<\/p>\n<p>\u00abLos parques nacionales son cuidados por\u00a0<strong>guardaparques,<\/strong>\u00a0tarea noble, no son ninguna cueva de militantes\u00bb, afirm\u00f3.<\/p>\n<p>En otro momento del debate,\u00a0<strong>Villarruel<\/strong>\u00a0dijo que el espacio pol\u00edtico que representa \u00abauditar\u00e1 los planes sociales\u00bb si llega al gobierno y cuestion\u00f3 lo que llam\u00f3 el \u00abadoctrinamiento\u00bb de los estudiantes por parte de \u00abgremios y sindicatos\u00bb. \u00abQueremos que los estudiantes no terminen siendo adoctrinados por gremios y sindicatos que lo \u00fanico que apuntan es hacer pol\u00edtica con los chicos\u00bb, afirm\u00f3.<\/p>\n<p>En tanto que Rossi indic\u00f3 que en \u00ablas pol\u00edticas de ajuste que preparan\u00bb los dirigentes de La Libertad Avanza, \u00ab(Victoria) Villarruel y (Javier) Milei, las principales v\u00edctimas van a ser las mujeres\u00bb, porque \u00abno creen en la brecha de g\u00e9nero y en la brecha salarial\u00bb.<strong>\u00a0\u00abNosotros vamos a sostener las pol\u00edticas que est\u00e1n destinadas a acortar la brecha de g\u00e9nero y ampliarlas\u00bb, remarc\u00f3.<\/strong><\/p>\n<\/article>\n<\/article>\n","protected":false},"excerpt":{"rendered":"<p>A 11 d\u00edas del\u00a0balotaje, los candidatos a vicepresidentes\u00a0Agust\u00edn Rossi\u00a0(Uni\u00f3n por la Patria) y\u00a0Victoria Villarruel\u00a0(La Libertad Avanza) protagonizaron esta noche un\u00a0tenso<\/p>\n","protected":false},"author":1,"featured_media":9413,"comment_status":"closed","ping_status":"closed","sticky":false,"template":"","format":"standard","meta":{"footnotes":"","jetpack_publicize_message":"","jetpack_publicize_feature_enabled":true,"jetpack_social_post_already_shared":true,"jetpack_social_options":{"image_generator_settings":{"template":"highway","enabled":false},"version":2}},"categories":[12],"tags":[],"class_list":["post-9412","post","type-post","status-publish","format-standard","has-post-thumbnail","hentry","category-politica"],"jetpack_publicize_connections":[],"_links":{"self":[{"href":"https:\/\/diariorepublica.com.ar\/web\/index.php\/wp-json\/wp\/v2\/posts\/9412"}],"collection":[{"href":"https:\/\/diariorepublica.com.ar\/web\/index.php\/wp-json\/wp\/v2\/posts"}],"about":[{"href":"https:\/\/diariorepublica.com.ar\/web\/index.php\/wp-json\/wp\/v2\/types\/post"}],"author":[{"embeddable":true,"href":"https:\/\/diariorepublica.com.ar\/web\/index.php\/wp-json\/wp\/v2\/users\/1"}],"replies":[{"embeddable":true,"href":"https:\/\/diariorepublica.com.ar\/web\/index.php\/wp-json\/wp\/v2\/comments?post=9412"}],"version-history":[{"count":1,"href":"https:\/\/diariorepublica.com.ar\/web\/index.php\/wp-json\/wp\/v2\/posts\/9412\/revisions"}],"predecessor-version":[{"id":9414,"href":"https:\/\/diariorepublica.com.ar\/web\/index.php\/wp-json\/wp\/v2\/posts\/9412\/revisions\/9414"}],"wp:featuredmedia":[{"embeddable":true,"href":"https:\/\/diariorepublica.com.ar\/web\/index.php\/wp-json\/wp\/v2\/media\/9413"}],"wp:attachment":[{"href":"https:\/\/diariorepublica.com.ar\/web\/index.php\/wp-json\/wp\/v2\/media?parent=9412"}],"wp:term":[{"taxonomy":"category","embeddable":true,"href":"https:\/\/diariorepublica.com.ar\/web\/index.php\/wp-json\/wp\/v2\/categories?post=9412"},{"taxonomy":"post_tag","embeddable":true,"href":"https:\/\/diariorepublica.com.ar\/web\/index.php\/wp-json\/wp\/v2\/tags?post=9412"}],"curies":[{"name":"wp","href":"https:\/\/api.w.org\/{rel}","templated":true}]}}