{"id":9475,"date":"2023-11-13T05:52:00","date_gmt":"2023-11-13T08:52:00","guid":{"rendered":"https:\/\/diariorepublica.com.ar\/web\/?p=9475"},"modified":"2023-11-13T07:54:03","modified_gmt":"2023-11-13T10:54:03","slug":"la-justicia-electoral-advirtio-que-la-libertad-avanza-presento-boletas-insuficientes","status":"publish","type":"post","link":"https:\/\/diariorepublica.com.ar\/web\/index.php\/politica\/2023\/11\/13\/la-justicia-electoral-advirtio-que-la-libertad-avanza-presento-boletas-insuficientes\/","title":{"rendered":"La Justicia Electoral advirti\u00f3 que la Libertad Avanza present\u00f3 boletas insuficientes"},"content":{"rendered":"<article class=\"article-body first\">\n<div class=\"article-content\">\n<div class=\"news-body-paragraph\" data-twitter-link=\"\">\n<p><strong>La<\/strong><strong>\u00a0justicia electoral\u00a0advirti\u00f3 que el frente La Libertad Avanza, que propone como candidato a la presidencia a Javier Milei,\u00a0<\/strong>no present\u00f3 boletas suficientes para cubrir las mesas en todo el pa\u00eds.<\/p>\n<\/div>\n<\/div>\n<\/article>\n<div class=\"news-body-read-wrapper\">\n<figure class=\"news-body-read-image\"><span style=\"font-size: 15px;\">De acuerdo con un escrito, la agrupaci\u00f3n de derecha tendr\u00eda que haber presentado<\/span><strong style=\"font-size: 15px;\">\u00a0350 boletas por mesa, y solo han llegado 100.<\/strong><\/figure>\n<p>Seg\u00fan se conoci\u00f3 este domingo la J<strong>usticia electoral le avis\u00f3 a los apoderados de La Libertad Avanza<\/strong>\u00a0que no entregaron la cantidad suficiente de boletas de cara al balotaje que el candidato presidencial de ese espacio, Javier Milei, disputar\u00e1 el pr\u00f3ximo domingo con Sergio Massa, de Uni\u00f3n por la Patria.<\/p>\n<p><strong>El planteo se formul\u00f3 a trav\u00e9s del Acta 33 que lleva las firmas del presidente de la C\u00e1mara Federal de Apelaciones de La Plata, Roberto Agust\u00edn Lemos Arias; el presidente de la Suprema Corte de Justicia bonaerense, Sergio Gabriel Torres, y el juez federal<\/strong>\u00a0con competencia electoral en la provincia de Buenos Aires, Alejo Ramos Padilla.<\/p>\n<p>Los magistrados se\u00f1alan que \u00abcada agrupaci\u00f3n debe entregarle para su distribuci\u00f3n trav\u00e9s del Correo Argentino un fajo de hasta 350 boletas por cada una de las 38.074 mesas a habilitarse y do<strong>s fajos de igual cantidad de boletas para el sistema de &#8216;contingencia&#8217; por cada establecimiento<\/strong>\u00a0en el que fueran a funcionar hasta ocho mesas de votaci\u00f3n y cuatro fajos para el caso de los establecimientos en los que habr\u00e1n de funcionar nueve o m\u00e1s mesas de votaci\u00f3n\u00bb.<\/p>\n<p>En el texto, se consigna que \u00aben las entregas efectuadas hasta la fecha, la agrupaci\u00f3n &#8216;La Libertad Avanza&#8217;, ha presentado sus fajos con una cantidad sustancialmente menor de boletas, que, en algunos casos,<strong>\u00a0no alcanza a un cuarto de la cantidad m\u00e1xima sugerida<\/strong>, not\u00e1ndose tambi\u00e9n en muchos casos que la cantidad de fajos tampoco alcanza a cubrir todas las mesas de los municipios que se est\u00e1n procesando para su entrega al Correo; lo que oblig\u00f3 a sacar fajos de las bolsas de contingencia, o inclusive restarlos de otros municipios de procesamiento posterior, para poder completar las mesas\u00bb.<\/p>\n<\/div>\n","protected":false},"excerpt":{"rendered":"<p>La\u00a0justicia electoral\u00a0advirti\u00f3 que el frente La Libertad Avanza, que propone como candidato a la presidencia a Javier Milei,\u00a0no present\u00f3 boletas<\/p>\n","protected":false},"author":1,"featured_media":9476,"comment_status":"closed","ping_status":"closed","sticky":false,"template":"","format":"standard","meta":{"footnotes":"","jetpack_publicize_message":"","jetpack_publicize_feature_enabled":true,"jetpack_social_post_already_shared":true,"jetpack_social_options":{"image_generator_settings":{"template":"highway","enabled":false},"version":2}},"categories":[12],"tags":[],"class_list":["post-9475","post","type-post","status-publish","format-standard","has-post-thumbnail","hentry","category-politica"],"jetpack_publicize_connections":[],"_links":{"self":[{"href":"https:\/\/diariorepublica.com.ar\/web\/index.php\/wp-json\/wp\/v2\/posts\/9475"}],"collection":[{"href":"https:\/\/diariorepublica.com.ar\/web\/index.php\/wp-json\/wp\/v2\/posts"}],"about":[{"href":"https:\/\/diariorepublica.com.ar\/web\/index.php\/wp-json\/wp\/v2\/types\/post"}],"author":[{"embeddable":true,"href":"https:\/\/diariorepublica.com.ar\/web\/index.php\/wp-json\/wp\/v2\/users\/1"}],"replies":[{"embeddable":true,"href":"https:\/\/diariorepublica.com.ar\/web\/index.php\/wp-json\/wp\/v2\/comments?post=9475"}],"version-history":[{"count":1,"href":"https:\/\/diariorepublica.com.ar\/web\/index.php\/wp-json\/wp\/v2\/posts\/9475\/revisions"}],"predecessor-version":[{"id":9477,"href":"https:\/\/diariorepublica.com.ar\/web\/index.php\/wp-json\/wp\/v2\/posts\/9475\/revisions\/9477"}],"wp:featuredmedia":[{"embeddable":true,"href":"https:\/\/diariorepublica.com.ar\/web\/index.php\/wp-json\/wp\/v2\/media\/9476"}],"wp:attachment":[{"href":"https:\/\/diariorepublica.com.ar\/web\/index.php\/wp-json\/wp\/v2\/media?parent=9475"}],"wp:term":[{"taxonomy":"category","embeddable":true,"href":"https:\/\/diariorepublica.com.ar\/web\/index.php\/wp-json\/wp\/v2\/categories?post=9475"},{"taxonomy":"post_tag","embeddable":true,"href":"https:\/\/diariorepublica.com.ar\/web\/index.php\/wp-json\/wp\/v2\/tags?post=9475"}],"curies":[{"name":"wp","href":"https:\/\/api.w.org\/{rel}","templated":true}]}}