{"id":9489,"date":"2023-11-13T08:22:12","date_gmt":"2023-11-13T11:22:12","guid":{"rendered":"https:\/\/diariorepublica.com.ar\/web\/?p=9489"},"modified":"2023-11-13T08:22:17","modified_gmt":"2023-11-13T11:22:17","slug":"frases-mas-destacadas-de-javier-milei-en-el-debate","status":"publish","type":"post","link":"https:\/\/diariorepublica.com.ar\/web\/index.php\/politica\/2023\/11\/13\/frases-mas-destacadas-de-javier-milei-en-el-debate\/","title":{"rendered":"Frases m\u00e1s destacadas de Javier Milei en el debate"},"content":{"rendered":"<ul>\n<li>El estado es el origen del problema, no la soluci\u00f3n.<\/li>\n<li>A la casta le gusta intervenir y eso se manifiesta con d\u00e9ficit fiscal.<\/li>\n<li>Ustedes mintieron con los subsidios. Sos un mentiroso (a Massa).<\/li>\n<li>El problema es que vos reventaste los ingresos de la gente. S\u00ed voy a terminar con el BCRA para que no le den a la maquinita.<\/li>\n<li>Como liberal libertario creo en la apertura del comercio.<\/li>\n<li>No tiene que interferir el estado en las relaciones comerciales, no tiene por qu\u00e9 meterse a decir con qui\u00e9n tengo que comercializar o con qui\u00e9n no.<\/li>\n<li>No vamos a plantear relaciones con aquellos que no respetan la libertar individual y la paz.<\/li>\n<li>Mis aliados van a ser Estados Unidos, Israel y el mundo libre.<\/li>\n<li>Si hay que pedirle perd\u00f3n al Papa Francisco, lo har\u00e9. Incluso, lo invito a venir a la Argentina. Lo recibiremos con todos los honores.<\/li>\n<li>La cuesti\u00f3n de la alimentaci\u00f3n y el cuidado de los ni\u00f1os es otro de los pilares de nuestras propuestas.<\/li>\n<li>Queremos proteger el rol del aprendizaje, que es fundamental para cualquier ser humano.<\/li>\n<li>No es decisi\u00f3n del Ejecutivo si es o no publica porque depende de las provincias.<\/li>\n<li>A largo plazo \u201cse va a dar los recursos a la gente para que pueda elegir la instituci\u00f3n a la cual quiere asistir en lugar de favorecer a la oferta y los curros de la pol\u00edtica\u201d.<\/li>\n<li>a cantidad de empleados en el sector privado est\u00e1 estancada desde 2011, como el nivel de producci\u00f3n.<\/li>\n<li>En Argentina es imposible ganar dinero con la presi\u00f3n fiscal escandalosa que hay.<\/li>\n<li>Si gan\u00e1s plata, aparecen la banda de los expropiadores con la idea de la justicia social, la redistribuci\u00f3n del ingreso va y roba el resultado del fruto de su trabajo.<\/li>\n<li>Sergio, fracas\u00e9 cuando te quise ense\u00f1ar, no aprendiste nada.<\/li>\n<li>Como todo lo que hace el Estado lo hace mal, el pa\u00eds es un ba\u00f1o de sangre.<\/li>\n<li>Cuando las cosas se hacen bien yo las reconozco. Reconozco que lo que has hecho en materia de seguridad en Tigre es bueno.<\/li>\n<li>Creemos en aplicar la ley y el que las hace las paga.<\/li>\n<li>Nosotros proponemos reformar varios aspectos de la ley de seguridad nacional, de inteligencia, el c\u00f3digo penal, el sistema carcelario.<\/li>\n<li>Habl\u00e1s del di\u00e1logo y el consenso, sab\u00e9s de qu\u00e9 se compone la casta. Se compone de pol\u00edticos ladrones. Los ten\u00e9s todos con vos, son los kirchneristas.<\/li>\n<li>Habl\u00e1s de los sindicalistas, los que operan en contra de los beneficios y la situaci\u00f3n de los argentinos, son con los que vos te reun\u00eds, los que hicieron los 14 paros generales a Alfons\u00edn.<\/li>\n<li>Han hecho de la democracia una democracia fallida porque de ser el respeto de las minor\u00edas se convierten sistem\u00e1ticamente en el poder en una tiran\u00eda de las mayor\u00edas porque creen que el haber tenido una mayor\u00eda circunstancial les da derecho a hacer cualquier cosa para perpetrarse en el poder.<\/li>\n<li>Ustedes tienen un avance continuo sobre la Justicia.<\/li>\n<\/ul>\n<h6>\u00bfPor qu\u00e9 quiere ser presidente?<\/h6>\n<p>Nos encontramos frente a la elecci\u00f3n m\u00e1s importante de los \u00faltimos cien a\u00f1os. Es el momento de preguntarnos si queremos seguir transitando el sendero decadente que hace que cada d\u00eda seamos m\u00e1s miserables. Te pido que al momento de evaluar tu voto te preguntes si prefer\u00eds la inflaci\u00f3n sobre la estabilidad.<br \/>\nEl miedo paraliza y si te paraliz\u00e1s, benefici\u00e1s al status quo que nos empobrece.<br \/>\nVenimos a ofrecerte el modelo de la libertad, un modelo que, donde se aplica, los pa\u00edses son ocho veces m\u00e1s ricos que los reprimidos.<br \/>\nQuiero que tengas una luz de esperanza, existe una Argentina mejor pero solo es posible si esa Argentina es liberal.<\/p>\n","protected":false},"excerpt":{"rendered":"<p>El estado es el origen del problema, no la soluci\u00f3n. A la casta le gusta intervenir y eso se manifiesta<\/p>\n","protected":false},"author":1,"featured_media":9490,"comment_status":"closed","ping_status":"closed","sticky":false,"template":"","format":"standard","meta":{"footnotes":"","jetpack_publicize_message":"","jetpack_publicize_feature_enabled":true,"jetpack_social_post_already_shared":true,"jetpack_social_options":{"image_generator_settings":{"template":"highway","enabled":false},"version":2}},"categories":[12],"tags":[],"class_list":["post-9489","post","type-post","status-publish","format-standard","has-post-thumbnail","hentry","category-politica"],"jetpack_publicize_connections":[],"_links":{"self":[{"href":"https:\/\/diariorepublica.com.ar\/web\/index.php\/wp-json\/wp\/v2\/posts\/9489"}],"collection":[{"href":"https:\/\/diariorepublica.com.ar\/web\/index.php\/wp-json\/wp\/v2\/posts"}],"about":[{"href":"https:\/\/diariorepublica.com.ar\/web\/index.php\/wp-json\/wp\/v2\/types\/post"}],"author":[{"embeddable":true,"href":"https:\/\/diariorepublica.com.ar\/web\/index.php\/wp-json\/wp\/v2\/users\/1"}],"replies":[{"embeddable":true,"href":"https:\/\/diariorepublica.com.ar\/web\/index.php\/wp-json\/wp\/v2\/comments?post=9489"}],"version-history":[{"count":1,"href":"https:\/\/diariorepublica.com.ar\/web\/index.php\/wp-json\/wp\/v2\/posts\/9489\/revisions"}],"predecessor-version":[{"id":9491,"href":"https:\/\/diariorepublica.com.ar\/web\/index.php\/wp-json\/wp\/v2\/posts\/9489\/revisions\/9491"}],"wp:featuredmedia":[{"embeddable":true,"href":"https:\/\/diariorepublica.com.ar\/web\/index.php\/wp-json\/wp\/v2\/media\/9490"}],"wp:attachment":[{"href":"https:\/\/diariorepublica.com.ar\/web\/index.php\/wp-json\/wp\/v2\/media?parent=9489"}],"wp:term":[{"taxonomy":"category","embeddable":true,"href":"https:\/\/diariorepublica.com.ar\/web\/index.php\/wp-json\/wp\/v2\/categories?post=9489"},{"taxonomy":"post_tag","embeddable":true,"href":"https:\/\/diariorepublica.com.ar\/web\/index.php\/wp-json\/wp\/v2\/tags?post=9489"}],"curies":[{"name":"wp","href":"https:\/\/api.w.org\/{rel}","templated":true}]}}