{"id":9495,"date":"2023-11-13T08:24:12","date_gmt":"2023-11-13T11:24:12","guid":{"rendered":"https:\/\/diariorepublica.com.ar\/web\/?p=9495"},"modified":"2023-11-13T08:24:13","modified_gmt":"2023-11-13T11:24:13","slug":"catamarca-participo-en-la-cuarta-asamblea-federal-del-incaa-de-2023","status":"publish","type":"post","link":"https:\/\/diariorepublica.com.ar\/web\/index.php\/sociedad\/2023\/11\/13\/catamarca-participo-en-la-cuarta-asamblea-federal-del-incaa-de-2023\/","title":{"rendered":"Catamarca particip\u00f3 en la cuarta Asamblea Federal del INCAA de 2023"},"content":{"rendered":"<p>Catamarca particip\u00f3 el viernes 10 de noviembre en la cuarta reuni\u00f3n del a\u00f1o de la Asamblea Federal del Instituto Nacional de Cine y Artes Audiovisuales (INCAA) que se realiz\u00f3 en el Hotel Hermitage durante la novena jornada del Festival Internacional de Cine de Mar del Plata.<\/p>\n<p>La reuni\u00f3n fue encabezada por el presidente del INCAA, Nicol\u00e1s Batlle, acompa\u00f1ado por autoridades del Instituto, y estuvo integrada por las y los responsables de Cultura de las provincias y del gobierno de la Ciudad Aut\u00f3noma de Buenos Aires.<\/p>\n<p>Batlle dio la bienvenida a los asamble\u00edstas y aprovech\u00f3 la ocasi\u00f3n para agradecer el apoyo al Instituto por parte de las y los secretarios y ministros de Cultura provinciales durante estos \u00faltimos meses de gesti\u00f3n. Tambi\u00e9n, agradeci\u00f3 a los miembros del Consejo Asesor que est\u00e1n terminando su mandato y que en el transcurso del a\u00f1o se reunieron regularmente en diferentes puntos del pa\u00eds para trabajar pol\u00edticas de federalizaci\u00f3n.<\/p>\n<p>\u201cAprovecho la oportunidad para reafirmar la defensa de la cultura y del cine nacional, del Instituto Nacional del Cine y Artes Audiovisuales, que es un organismo rector de la industria audiovisual en la Argentina, que este a\u00f1o cumple 66 a\u00f1os de historia. Invito a las y los asamble\u00edstas a que se sumen a esta defensa\u201d, expres\u00f3 Batlle y remarc\u00f3: \u201cReafirmamos el valor de la democracia, de la memoria, de la verdad y de la justicia\u201d.<\/p>\n<p>Durante la Asamblea se comparti\u00f3 la pieza audiovisual de promoci\u00f3n del Cine Argentino, realizada por la subgerencia de Comunicaci\u00f3n y Prensa especialmente para esta edici\u00f3n del Festival y se propuso una hoja de ruta para fomentar el desarrollo de una industria con perspectiva federal.<\/p>\n<p>La coordinadora de Espacios INCAA de Catamarca, Lidia Coria destac\u00f3 la participaci\u00f3n del INCAA en la edici\u00f3n 2023 de la Fiesta Nacional e Internacional del Poncho y la colaboraci\u00f3n con la pel\u00edcula \u201cArgentina 1985\u201d para el ciclo de cine que form\u00f3 parte de la programaci\u00f3n de la \u00faltima Feria Provincial del Libro en Catamarca.<\/p>\n<p>Finalmente, en el marco de la Asamblea se convers\u00f3 sobre la conformaci\u00f3n del pr\u00f3ximo Consejo Asesor, cuyo mandato estar\u00e1 vigente a partir de diciembre de 2023 y tendr\u00e1 una duraci\u00f3n de un a\u00f1o.<\/p>\n","protected":false},"excerpt":{"rendered":"<p>Catamarca particip\u00f3 el viernes 10 de noviembre en la cuarta reuni\u00f3n del a\u00f1o de la Asamblea Federal del Instituto Nacional<\/p>\n","protected":false},"author":1,"featured_media":9496,"comment_status":"closed","ping_status":"closed","sticky":false,"template":"","format":"standard","meta":{"footnotes":"","jetpack_publicize_message":"","jetpack_publicize_feature_enabled":true,"jetpack_social_post_already_shared":true,"jetpack_social_options":{"image_generator_settings":{"template":"highway","enabled":false},"version":2}},"categories":[3],"tags":[],"class_list":["post-9495","post","type-post","status-publish","format-standard","has-post-thumbnail","hentry","category-sociedad"],"jetpack_publicize_connections":[],"_links":{"self":[{"href":"https:\/\/diariorepublica.com.ar\/web\/index.php\/wp-json\/wp\/v2\/posts\/9495"}],"collection":[{"href":"https:\/\/diariorepublica.com.ar\/web\/index.php\/wp-json\/wp\/v2\/posts"}],"about":[{"href":"https:\/\/diariorepublica.com.ar\/web\/index.php\/wp-json\/wp\/v2\/types\/post"}],"author":[{"embeddable":true,"href":"https:\/\/diariorepublica.com.ar\/web\/index.php\/wp-json\/wp\/v2\/users\/1"}],"replies":[{"embeddable":true,"href":"https:\/\/diariorepublica.com.ar\/web\/index.php\/wp-json\/wp\/v2\/comments?post=9495"}],"version-history":[{"count":1,"href":"https:\/\/diariorepublica.com.ar\/web\/index.php\/wp-json\/wp\/v2\/posts\/9495\/revisions"}],"predecessor-version":[{"id":9497,"href":"https:\/\/diariorepublica.com.ar\/web\/index.php\/wp-json\/wp\/v2\/posts\/9495\/revisions\/9497"}],"wp:featuredmedia":[{"embeddable":true,"href":"https:\/\/diariorepublica.com.ar\/web\/index.php\/wp-json\/wp\/v2\/media\/9496"}],"wp:attachment":[{"href":"https:\/\/diariorepublica.com.ar\/web\/index.php\/wp-json\/wp\/v2\/media?parent=9495"}],"wp:term":[{"taxonomy":"category","embeddable":true,"href":"https:\/\/diariorepublica.com.ar\/web\/index.php\/wp-json\/wp\/v2\/categories?post=9495"},{"taxonomy":"post_tag","embeddable":true,"href":"https:\/\/diariorepublica.com.ar\/web\/index.php\/wp-json\/wp\/v2\/tags?post=9495"}],"curies":[{"name":"wp","href":"https:\/\/api.w.org\/{rel}","templated":true}]}}