{"id":9498,"date":"2023-11-13T08:25:13","date_gmt":"2023-11-13T11:25:13","guid":{"rendered":"https:\/\/diariorepublica.com.ar\/web\/?p=9498"},"modified":"2023-11-13T08:25:14","modified_gmt":"2023-11-13T11:25:14","slug":"semana-del-prematuro","status":"publish","type":"post","link":"https:\/\/diariorepublica.com.ar\/web\/index.php\/sociedad\/2023\/11\/13\/semana-del-prematuro\/","title":{"rendered":"Semana del Prematuro"},"content":{"rendered":"<p>El Ministerio de Salud de la provincia adhiere, como cada a\u00f1o, a la Semana del Prematuro que se celebra del 11 al 17 de noviembre, bajo el lema \u201c<em>Acceso de la familia a la Neo. Sin restricciones. Sin horarios. Todo el tiempo<\/em>\u201d, y con el fin de favorecer el contacto piel a piel y la lactancia, lo que contribuye el apego y el neurodesarrollo, empodera a la familia para participar en los cuidados.<\/p>\n<p>En este contexto el s\u00e1bado 11, a las 17 horas, se dar\u00e1 inicio a la Semana con un picnic con las familias de ni\u00f1as y ni\u00f1os prematuros en el Parque Ad\u00e1n Quiroga, acompa\u00f1ados por el equipo de la Maternidad Provincial \u201c25 de Mayo\u201d.<\/p>\n<p>Como cada a\u00f1o, la Semana del Prematuro es impulsada por UNICEF y el Ministerio de Salud de la Naci\u00f3n, con el fin de visibilizar esta problem\u00e1tica, concientizar sobre las necesidades y derechos de beb\u00e9s prematuros y de sus familias, sensibilizar sobre la importancia de la experiencia y el cuidado de calidad desde el sistema de Salud y, as\u00ed, avanzar en pol\u00edticas que garanticen el pleno derecho tanto de los beb\u00e9s como de las familias.<\/p>\n<p><strong>Cronograma semanal<\/strong><\/p>\n<p>&#8211;\u00a0\u00a0\u00a0\u00a0\u00a0\u00a0\u00a0\u00a0Lunes 13: Acto de apertura. 9hs. Audit\u00f3rium de la Maternidad.<\/p>\n<p>&#8211;\u00a0\u00a0\u00a0\u00a0\u00a0\u00a0\u00a0\u00a0Martes 14: Stand informativo. 9hs. Plaza 25 de Mayo.<\/p>\n<p>&#8211;\u00a0\u00a0\u00a0\u00a0\u00a0\u00a0\u00a0\u00a0Jueves 16: Jornada de concientizaci\u00f3n y decoraci\u00f3n de los Servicios. 9hs. Maternidad.<\/p>\n<p>&#8211;\u00a0\u00a0\u00a0\u00a0\u00a0\u00a0\u00a0\u00a0Viernes 17: Cierre. 10hs. Residencia para Madres.<\/p>\n","protected":false},"excerpt":{"rendered":"<p>El Ministerio de Salud de la provincia adhiere, como cada a\u00f1o, a la Semana del Prematuro que se celebra del<\/p>\n","protected":false},"author":1,"featured_media":9499,"comment_status":"closed","ping_status":"closed","sticky":false,"template":"","format":"standard","meta":{"footnotes":"","jetpack_publicize_message":"","jetpack_publicize_feature_enabled":true,"jetpack_social_post_already_shared":true,"jetpack_social_options":{"image_generator_settings":{"template":"highway","enabled":false},"version":2}},"categories":[3],"tags":[],"class_list":["post-9498","post","type-post","status-publish","format-standard","has-post-thumbnail","hentry","category-sociedad"],"jetpack_publicize_connections":[],"_links":{"self":[{"href":"https:\/\/diariorepublica.com.ar\/web\/index.php\/wp-json\/wp\/v2\/posts\/9498"}],"collection":[{"href":"https:\/\/diariorepublica.com.ar\/web\/index.php\/wp-json\/wp\/v2\/posts"}],"about":[{"href":"https:\/\/diariorepublica.com.ar\/web\/index.php\/wp-json\/wp\/v2\/types\/post"}],"author":[{"embeddable":true,"href":"https:\/\/diariorepublica.com.ar\/web\/index.php\/wp-json\/wp\/v2\/users\/1"}],"replies":[{"embeddable":true,"href":"https:\/\/diariorepublica.com.ar\/web\/index.php\/wp-json\/wp\/v2\/comments?post=9498"}],"version-history":[{"count":1,"href":"https:\/\/diariorepublica.com.ar\/web\/index.php\/wp-json\/wp\/v2\/posts\/9498\/revisions"}],"predecessor-version":[{"id":9500,"href":"https:\/\/diariorepublica.com.ar\/web\/index.php\/wp-json\/wp\/v2\/posts\/9498\/revisions\/9500"}],"wp:featuredmedia":[{"embeddable":true,"href":"https:\/\/diariorepublica.com.ar\/web\/index.php\/wp-json\/wp\/v2\/media\/9499"}],"wp:attachment":[{"href":"https:\/\/diariorepublica.com.ar\/web\/index.php\/wp-json\/wp\/v2\/media?parent=9498"}],"wp:term":[{"taxonomy":"category","embeddable":true,"href":"https:\/\/diariorepublica.com.ar\/web\/index.php\/wp-json\/wp\/v2\/categories?post=9498"},{"taxonomy":"post_tag","embeddable":true,"href":"https:\/\/diariorepublica.com.ar\/web\/index.php\/wp-json\/wp\/v2\/tags?post=9498"}],"curies":[{"name":"wp","href":"https:\/\/api.w.org\/{rel}","templated":true}]}}