{"id":9501,"date":"2023-11-13T17:41:44","date_gmt":"2023-11-13T20:41:44","guid":{"rendered":"https:\/\/diariorepublica.com.ar\/web\/?p=9501"},"modified":"2023-11-13T17:41:45","modified_gmt":"2023-11-13T20:41:45","slug":"la-inflacion-de-octubre-fue-de-83-y-acumulo-1427-en-los-ultimos-doce-meses","status":"publish","type":"post","link":"https:\/\/diariorepublica.com.ar\/web\/index.php\/economia\/2023\/11\/13\/la-inflacion-de-octubre-fue-de-83-y-acumulo-1427-en-los-ultimos-doce-meses\/","title":{"rendered":"La inflaci\u00f3n de octubre fue de 8,3% y acumul\u00f3 142,7% en los \u00faltimos doce meses"},"content":{"rendered":"<p>El\u00a0<strong>Instituto Nacional de Estad\u00edsticas y Censos (INDEC)<\/strong>\u00a0inform\u00f3 este lunes que\u00a0<strong>la inflaci\u00f3n de octubre fue de 8,3%, con lo que alcanz\u00f3 un alza del 142,7% en los doce meses<\/strong>. En lo que va del a\u00f1o acumula una variaci\u00f3n de 120%.<\/p>\n<p>La divisi\u00f3n de mayor aumento en el mes fue\u00a0<strong>Comunicaci\u00f3n<\/strong>\u00a0(<strong>12,6%<\/strong>), producto de las subas en los servicios de telefon\u00eda e internet. Le siguieron\u00a0<strong>Prendas de vestir y calzado<\/strong>\u00a0(<strong>11%<\/strong>) \u2013por el cambio de temporada\u2013, y\u00a0<strong>Equipamiento y mantenimiento del hogar<\/strong>\u00a0(<strong>10,7%<\/strong>).<\/p>\n<p>La divisi\u00f3n con mayor incidencia en todas las regiones fue\u00a0<strong>Alimentos y bebidas no alcoh\u00f3licas<\/strong>\u00a0(<strong>7,7%<\/strong>). Al interior de la divisi\u00f3n impact\u00f3 la suba de Carnes y derivados, Pan y cereales y Leche, productos l\u00e1cteos y huevos.<\/p>\n<p>Las dos divisiones que registraron las menores variaciones en octubre fueron\u00a0<strong>Salud<\/strong>\u00a0(<strong>5,1%<\/strong>) y<strong>\u00a0Educaci\u00f3n<\/strong>\u00a0(<strong>6,6%<\/strong>).<\/p>\n<p>A nivel de las categor\u00edas, el IPC N\u00facleo (8,8%) lider\u00f3 el aumento seguida por Estacionales (7,6%), mientras que Regulados registr\u00f3 un incremento de 6,6%.<\/p>\n<p>Foto: NA.<\/p>\n","protected":false},"excerpt":{"rendered":"<p>El\u00a0Instituto Nacional de Estad\u00edsticas y Censos (INDEC)\u00a0inform\u00f3 este lunes que\u00a0la inflaci\u00f3n de octubre fue de 8,3%, con lo que alcanz\u00f3<\/p>\n","protected":false},"author":1,"featured_media":9502,"comment_status":"closed","ping_status":"closed","sticky":false,"template":"","format":"standard","meta":{"footnotes":"","jetpack_publicize_message":"","jetpack_publicize_feature_enabled":true,"jetpack_social_post_already_shared":true,"jetpack_social_options":{"image_generator_settings":{"template":"highway","enabled":false},"version":2}},"categories":[5],"tags":[],"class_list":["post-9501","post","type-post","status-publish","format-standard","has-post-thumbnail","hentry","category-economia"],"jetpack_publicize_connections":[],"_links":{"self":[{"href":"https:\/\/diariorepublica.com.ar\/web\/index.php\/wp-json\/wp\/v2\/posts\/9501"}],"collection":[{"href":"https:\/\/diariorepublica.com.ar\/web\/index.php\/wp-json\/wp\/v2\/posts"}],"about":[{"href":"https:\/\/diariorepublica.com.ar\/web\/index.php\/wp-json\/wp\/v2\/types\/post"}],"author":[{"embeddable":true,"href":"https:\/\/diariorepublica.com.ar\/web\/index.php\/wp-json\/wp\/v2\/users\/1"}],"replies":[{"embeddable":true,"href":"https:\/\/diariorepublica.com.ar\/web\/index.php\/wp-json\/wp\/v2\/comments?post=9501"}],"version-history":[{"count":1,"href":"https:\/\/diariorepublica.com.ar\/web\/index.php\/wp-json\/wp\/v2\/posts\/9501\/revisions"}],"predecessor-version":[{"id":9503,"href":"https:\/\/diariorepublica.com.ar\/web\/index.php\/wp-json\/wp\/v2\/posts\/9501\/revisions\/9503"}],"wp:featuredmedia":[{"embeddable":true,"href":"https:\/\/diariorepublica.com.ar\/web\/index.php\/wp-json\/wp\/v2\/media\/9502"}],"wp:attachment":[{"href":"https:\/\/diariorepublica.com.ar\/web\/index.php\/wp-json\/wp\/v2\/media?parent=9501"}],"wp:term":[{"taxonomy":"category","embeddable":true,"href":"https:\/\/diariorepublica.com.ar\/web\/index.php\/wp-json\/wp\/v2\/categories?post=9501"},{"taxonomy":"post_tag","embeddable":true,"href":"https:\/\/diariorepublica.com.ar\/web\/index.php\/wp-json\/wp\/v2\/tags?post=9501"}],"curies":[{"name":"wp","href":"https:\/\/api.w.org\/{rel}","templated":true}]}}