{"id":9504,"date":"2023-11-13T18:42:00","date_gmt":"2023-11-13T21:42:00","guid":{"rendered":"https:\/\/diariorepublica.com.ar\/web\/?p=9504"},"modified":"2023-11-13T17:52:30","modified_gmt":"2023-11-13T20:52:30","slug":"argentina-vuelve-a-liderar-el-ranking-de-inflacion-de-america-latina","status":"publish","type":"post","link":"https:\/\/diariorepublica.com.ar\/web\/index.php\/economia\/2023\/11\/13\/argentina-vuelve-a-liderar-el-ranking-de-inflacion-de-america-latina\/","title":{"rendered":"Argentina vuelve a liderar el ranking de inflaci\u00f3n de Am\u00e9rica Latina"},"content":{"rendered":"<p class=\"paragraph\">A diferencia del resto de los pa\u00edses de la regi\u00f3n,<b>\u00a0la Argentina y Venezuela<\/b>\u00a0son los \u00fanicos pa\u00edses de Am\u00e9rica Latina que a\u00fan registran<b>\u00a0cifras de inflaci\u00f3n anualizadas<\/b>\u00a0superiores a los<b>\u00a0tres d\u00edgitos<\/b>.<\/p>\n<ul class=\"ul__list list\">\n<li class=\"list__item\"><b>Uruguay<\/b>\u00a0registr\u00f3 una leve variaci\u00f3n de precios en octubre. La inflaci\u00f3n mensual fue del<b>\u00a00,63%<\/b>,<b>\u00a0<\/b>frente a 0,61% del \u00cdndice de Precios del Consumidor (IPC) de septiembre. De esta manera, en 2023 registra un acumulado de\u00a0<b>4,86%\u00a0<\/b>y del\u00a0<b>4,30% en la variaci\u00f3n interanual<\/b>.<\/li>\n<li class=\"list__item\"><b>Chile<\/b>\u00a0mostr\u00f3 una leve baja mensual del<b>\u00a00,4%<\/b>\u00a0en octubre. El<b>\u00a0acumulado\u00a0<\/b>en 2023, seg\u00fan el Instituto Nacional de Estad\u00edsticas (INE), alcanz\u00f3 el\u00a0<b>3,7%<\/b>y la\u00a0<b>cifra interanual se ubic\u00f3 en 5%.<\/b><\/li>\n<li class=\"list__item\"><b>Brasil\u00a0<\/b>anot\u00f3 el cuarto mes consecutivo con resultados positivos. La inflaci\u00f3n en octubre fue del\u00a0<b>0,24%<\/b>, seg\u00fan los datos oficiales del \u00cdndice de Precios al Consumidor Amplio (IPCA) del IBGE. En los \u00faltimos 12 meses, el indicador sum\u00f3\u00a0<b>4,82%<\/b>.<\/li>\n<li class=\"list__item\">En<b>\u00a0Paraguay<\/b>,<b>\u00a0<\/b>la inflaci\u00f3n registrada en octubre fue de\u00a0<b>0,5%<\/b>. En tanto, los precios\u00a0<b>acumularon el 3% en lo que va de 2023\u00a0<\/b>y aumentaron el\u00a0<b>3,5% en los \u00faltimos 12 meses<\/b>.<\/li>\n<li class=\"list__item\"><b>Per\u00fa\u00a0<\/b>tuvo un nivel de aumento de precios del<b>\u00a00,32%\u00a0<\/b>en octubre. De esta manera, en los primeros diez meses de<b>\u00a02023, acumul\u00f3 2,99%<\/b>. Por su parte, la\u00a0<b>variaci\u00f3n interanual es de<\/b>\u00a0<b>4,34%<\/b>.<\/li>\n<li class=\"list__item\">En\u00a0<b>Ecuador<\/b>, la\u00a0<b>inflaci\u00f3n<\/b>\u00a0anot\u00f3 una cifra negativa\u00a0<b>en octubre\u00a0<\/b>del\u00a0<b>-0,18%<\/b>. En los\u00a0<b>primeros diez meses\u00a0<\/b>de 2023 alcanz\u00f3 el\u00a0<b>1,93%<\/b>.<b>\u00a0<\/b>En tanto,<b>\u00a0la inflaci\u00f3n interanual\u00a0<\/b>fue del<b>\u00a01,78%<\/b>. De esta manera, el pa\u00eds gobernado por Guillermo Lasso sigue posicionando como uno de los pa\u00edses con el \u00edndice m\u00e1s bajo de la regi\u00f3n.<\/li>\n<li class=\"list__item\">El Departamento Administrativo Nacional de Estad\u00edstica (Dane) de\u00a0<b>Colombia\u00a0<\/b>difundi\u00f3 un aumento del\u00a0<b>0,25% para los precios en octubre.<\/b>\u00a0Medida de forma<b>\u00a0interanual<\/b>, la cifra lleg\u00f3 al\u00a0<b>10,48%\u00a0<\/b>y\u00a0<b>acumula 8,27%<\/b>\u00a0desde enero.<\/li>\n<\/ul>\n<p class=\"paragraph\">La Argentina junto a\u00a0<b>Venezuela<\/b>,\u00a0<b>El Libano<\/b>,\u00a0<b>Zimbabue<\/b>\u00a0y\u00a0<b>Turqu\u00eda\u00a0<\/b>se encuentran agrupados como los pa\u00edses mayores subas de precios del mundo. Los datos de inflaci\u00f3n interanual son:<\/p>\n<ul class=\"ul__list list\">\n<li class=\"list__item\">Venezuela:\u00a0<b>362% interanual;<\/b><\/li>\n<li class=\"list__item\">Zimbabue:<b>\u00a0304<\/b>% (septiembre).<\/li>\n<li class=\"list__item\">El L\u00edbano:\u00a0<b>208,5%\u00a0<\/b>(septiembre)<\/li>\n<li class=\"list__item\"><b>Argentina: 142,7%<\/b><\/li>\n<li class=\"list__item\">Turqu\u00eda:\u00a0<b>54,26%.<\/b><\/li>\n<\/ul>\n","protected":false},"excerpt":{"rendered":"<p>A diferencia del resto de los pa\u00edses de la regi\u00f3n,\u00a0la Argentina y Venezuela\u00a0son los \u00fanicos pa\u00edses de Am\u00e9rica Latina que<\/p>\n","protected":false},"author":1,"featured_media":9505,"comment_status":"closed","ping_status":"closed","sticky":false,"template":"","format":"standard","meta":{"footnotes":"","jetpack_publicize_message":"","jetpack_publicize_feature_enabled":true,"jetpack_social_post_already_shared":true,"jetpack_social_options":{"image_generator_settings":{"template":"highway","enabled":false},"version":2}},"categories":[5],"tags":[],"class_list":["post-9504","post","type-post","status-publish","format-standard","has-post-thumbnail","hentry","category-economia"],"jetpack_publicize_connections":[],"_links":{"self":[{"href":"https:\/\/diariorepublica.com.ar\/web\/index.php\/wp-json\/wp\/v2\/posts\/9504"}],"collection":[{"href":"https:\/\/diariorepublica.com.ar\/web\/index.php\/wp-json\/wp\/v2\/posts"}],"about":[{"href":"https:\/\/diariorepublica.com.ar\/web\/index.php\/wp-json\/wp\/v2\/types\/post"}],"author":[{"embeddable":true,"href":"https:\/\/diariorepublica.com.ar\/web\/index.php\/wp-json\/wp\/v2\/users\/1"}],"replies":[{"embeddable":true,"href":"https:\/\/diariorepublica.com.ar\/web\/index.php\/wp-json\/wp\/v2\/comments?post=9504"}],"version-history":[{"count":1,"href":"https:\/\/diariorepublica.com.ar\/web\/index.php\/wp-json\/wp\/v2\/posts\/9504\/revisions"}],"predecessor-version":[{"id":9506,"href":"https:\/\/diariorepublica.com.ar\/web\/index.php\/wp-json\/wp\/v2\/posts\/9504\/revisions\/9506"}],"wp:featuredmedia":[{"embeddable":true,"href":"https:\/\/diariorepublica.com.ar\/web\/index.php\/wp-json\/wp\/v2\/media\/9505"}],"wp:attachment":[{"href":"https:\/\/diariorepublica.com.ar\/web\/index.php\/wp-json\/wp\/v2\/media?parent=9504"}],"wp:term":[{"taxonomy":"category","embeddable":true,"href":"https:\/\/diariorepublica.com.ar\/web\/index.php\/wp-json\/wp\/v2\/categories?post=9504"},{"taxonomy":"post_tag","embeddable":true,"href":"https:\/\/diariorepublica.com.ar\/web\/index.php\/wp-json\/wp\/v2\/tags?post=9504"}],"curies":[{"name":"wp","href":"https:\/\/api.w.org\/{rel}","templated":true}]}}