{"id":953,"date":"2023-04-04T08:11:40","date_gmt":"2023-04-04T11:11:40","guid":{"rendered":"https:\/\/diariorepublica.com.ar\/web\/?p=953"},"modified":"2023-04-04T08:11:41","modified_gmt":"2023-04-04T11:11:41","slug":"las-desprolijidades-y-el-ocultamiento-quedaron-expuestos-por-los-hijos-de-rojas","status":"publish","type":"post","link":"https:\/\/diariorepublica.com.ar\/web\/index.php\/politica\/2023\/04\/04\/las-desprolijidades-y-el-ocultamiento-quedaron-expuestos-por-los-hijos-de-rojas\/","title":{"rendered":"\u201cLas desprolijidades y el ocultamiento quedaron expuestos por los hijos de Rojas\u201d"},"content":{"rendered":"<p>El senador nacional Flavio Fama se refiri\u00f3 a la conferencia de los familiares de Rojas. \u00abLas desprolijidades, ocultamientos y maniobras maliciosas de la Justicia de Catamarca quedaron expuestas por los hijos del ministro Rojas que, con el dolor que signific\u00f3 perder a su padre, decidieron mostrar las im\u00e1genes de c\u00f3mo fue encontrado el cad\u00e1ver de su padre para exponer el mal manejo que tuvieron los fiscales elegidos por el Gobierno de Ra\u00fal Jalil\u00bb<\/p>\n<p>\u00abLas inconsistencias que tuvo este caso desde diciembre del a\u00f1o pasado son evidentes y dejaron al descubierto las falencias institucionales de la Justicia provincial. Las fallas evidenciadas en este caso son la clara consecuencia del manejo discrecional de la Justicia, un sello de la gesti\u00f3n de Ra\u00fal Jalil, que pone a dedo jueces y fiscales que le sean funcionales, junto a la falta de idoneidad, de recursos y la ineptitud\u00bb.<\/p>\n","protected":false},"excerpt":{"rendered":"<p>El senador nacional Flavio Fama se refiri\u00f3 a la conferencia de los familiares de Rojas. \u00abLas desprolijidades, ocultamientos y maniobras<\/p>\n","protected":false},"author":2,"featured_media":954,"comment_status":"closed","ping_status":"closed","sticky":false,"template":"","format":"standard","meta":{"footnotes":"","jetpack_publicize_message":"","jetpack_publicize_feature_enabled":true,"jetpack_social_post_already_shared":false,"jetpack_social_options":{"image_generator_settings":{"template":"highway","enabled":false},"version":2}},"categories":[12],"tags":[],"class_list":["post-953","post","type-post","status-publish","format-standard","has-post-thumbnail","hentry","category-politica"],"jetpack_publicize_connections":[],"_links":{"self":[{"href":"https:\/\/diariorepublica.com.ar\/web\/index.php\/wp-json\/wp\/v2\/posts\/953"}],"collection":[{"href":"https:\/\/diariorepublica.com.ar\/web\/index.php\/wp-json\/wp\/v2\/posts"}],"about":[{"href":"https:\/\/diariorepublica.com.ar\/web\/index.php\/wp-json\/wp\/v2\/types\/post"}],"author":[{"embeddable":true,"href":"https:\/\/diariorepublica.com.ar\/web\/index.php\/wp-json\/wp\/v2\/users\/2"}],"replies":[{"embeddable":true,"href":"https:\/\/diariorepublica.com.ar\/web\/index.php\/wp-json\/wp\/v2\/comments?post=953"}],"version-history":[{"count":1,"href":"https:\/\/diariorepublica.com.ar\/web\/index.php\/wp-json\/wp\/v2\/posts\/953\/revisions"}],"predecessor-version":[{"id":955,"href":"https:\/\/diariorepublica.com.ar\/web\/index.php\/wp-json\/wp\/v2\/posts\/953\/revisions\/955"}],"wp:featuredmedia":[{"embeddable":true,"href":"https:\/\/diariorepublica.com.ar\/web\/index.php\/wp-json\/wp\/v2\/media\/954"}],"wp:attachment":[{"href":"https:\/\/diariorepublica.com.ar\/web\/index.php\/wp-json\/wp\/v2\/media?parent=953"}],"wp:term":[{"taxonomy":"category","embeddable":true,"href":"https:\/\/diariorepublica.com.ar\/web\/index.php\/wp-json\/wp\/v2\/categories?post=953"},{"taxonomy":"post_tag","embeddable":true,"href":"https:\/\/diariorepublica.com.ar\/web\/index.php\/wp-json\/wp\/v2\/tags?post=953"}],"curies":[{"name":"wp","href":"https:\/\/api.w.org\/{rel}","templated":true}]}}