{"id":9531,"date":"2023-11-14T08:56:40","date_gmt":"2023-11-14T11:56:40","guid":{"rendered":"https:\/\/diariorepublica.com.ar\/web\/?p=9531"},"modified":"2023-11-14T09:01:49","modified_gmt":"2023-11-14T12:01:49","slug":"municipales-de-recreo-iniciaron-medidas-de-fuerza","status":"publish","type":"post","link":"https:\/\/diariorepublica.com.ar\/web\/index.php\/politica\/2023\/11\/14\/municipales-de-recreo-iniciaron-medidas-de-fuerza\/","title":{"rendered":"Municipales de Recreo iniciaron medidas de fuerza"},"content":{"rendered":"<p>La seccional de ATE Recreo convoc\u00f3 para este martes a un paro de \u201cbrazos ca\u00eddos\u201d y por tiempo indeterminado.<\/p>\n<p>Desde el gremio explicaron que la medida fue acordada en asamblea por unanimidad entre los afiliados a ATE y obedece a que consideran que los aumentos otorgados son insuficientes. Adem\u00e1s, denunciaron que hay trabajadores que fueron sumariados, y hasta la fecha contin\u00faan con bajo sanciones.<\/p>\n<p>\u201cNos vemos obligados a ir a un paro ante la falta de respuestas a las peticiones que se vienen haciendo al Municipio\u201d, indic\u00f3 el secretario general de ATE, Ricardo Ar\u00e9valo.<\/p>\n<p>El gremialista detall\u00f3 que solicitan que se actualicen los salarios de los trabajadores y, adem\u00e1s, piden paras sus compa\u00f1eros sumariados. \u201cLa situaci\u00f3n viene de larga data. El municipio no entiende que los trabajadores tienen derechos no solo obligaciones\u201d<\/p>\n","protected":false},"excerpt":{"rendered":"<p>La seccional de ATE Recreo convoc\u00f3 para este martes a un paro de \u201cbrazos ca\u00eddos\u201d y por tiempo indeterminado. Desde<\/p>\n","protected":false},"author":2,"featured_media":9532,"comment_status":"closed","ping_status":"closed","sticky":false,"template":"","format":"standard","meta":{"footnotes":"","jetpack_publicize_message":"","jetpack_publicize_feature_enabled":true,"jetpack_social_post_already_shared":true,"jetpack_social_options":{"image_generator_settings":{"template":"highway","enabled":false},"version":2}},"categories":[12],"tags":[],"class_list":["post-9531","post","type-post","status-publish","format-standard","has-post-thumbnail","hentry","category-politica"],"jetpack_publicize_connections":[],"_links":{"self":[{"href":"https:\/\/diariorepublica.com.ar\/web\/index.php\/wp-json\/wp\/v2\/posts\/9531"}],"collection":[{"href":"https:\/\/diariorepublica.com.ar\/web\/index.php\/wp-json\/wp\/v2\/posts"}],"about":[{"href":"https:\/\/diariorepublica.com.ar\/web\/index.php\/wp-json\/wp\/v2\/types\/post"}],"author":[{"embeddable":true,"href":"https:\/\/diariorepublica.com.ar\/web\/index.php\/wp-json\/wp\/v2\/users\/2"}],"replies":[{"embeddable":true,"href":"https:\/\/diariorepublica.com.ar\/web\/index.php\/wp-json\/wp\/v2\/comments?post=9531"}],"version-history":[{"count":1,"href":"https:\/\/diariorepublica.com.ar\/web\/index.php\/wp-json\/wp\/v2\/posts\/9531\/revisions"}],"predecessor-version":[{"id":9533,"href":"https:\/\/diariorepublica.com.ar\/web\/index.php\/wp-json\/wp\/v2\/posts\/9531\/revisions\/9533"}],"wp:featuredmedia":[{"embeddable":true,"href":"https:\/\/diariorepublica.com.ar\/web\/index.php\/wp-json\/wp\/v2\/media\/9532"}],"wp:attachment":[{"href":"https:\/\/diariorepublica.com.ar\/web\/index.php\/wp-json\/wp\/v2\/media?parent=9531"}],"wp:term":[{"taxonomy":"category","embeddable":true,"href":"https:\/\/diariorepublica.com.ar\/web\/index.php\/wp-json\/wp\/v2\/categories?post=9531"},{"taxonomy":"post_tag","embeddable":true,"href":"https:\/\/diariorepublica.com.ar\/web\/index.php\/wp-json\/wp\/v2\/tags?post=9531"}],"curies":[{"name":"wp","href":"https:\/\/api.w.org\/{rel}","templated":true}]}}