{"id":9547,"date":"2023-11-15T06:20:00","date_gmt":"2023-11-15T09:20:00","guid":{"rendered":"https:\/\/diariorepublica.com.ar\/web\/?p=9547"},"modified":"2023-11-15T07:20:56","modified_gmt":"2023-11-15T10:20:56","slug":"nueva-entrega-del-primer-disco-para-artistas-de-toda-la-provincia","status":"publish","type":"post","link":"https:\/\/diariorepublica.com.ar\/web\/index.php\/locales\/2023\/11\/15\/nueva-entrega-del-primer-disco-para-artistas-de-toda-la-provincia\/","title":{"rendered":"<strong>Nueva entrega del primer disco para artistas de toda la provincia<\/strong>"},"content":{"rendered":"<p>Ayer en el Palacio Legislativo, con la presencia del vicegobernador Rub\u00e9n Dusso, se hizo entrega del material discogr\u00e1fico correspondiente a una nueva serie de artistas que grabaron su m\u00fasica en el Estudio de Grabaci\u00f3n de la Vicegobernaci\u00f3n.<\/p>\n<p>La diputada nacional Anah\u00ed Costa; junto a senadora por la Capital, Susana D\u00edaz, y los senadores Oscar Vera y Jorge Sola Jais fueron quienes acompa\u00f1aron al vicegobernador en la recepci\u00f3n de las m\u00fasicas y m\u00fasicos provenientes de diferentes puntos del territorio provincial, quienes a partir de ahora cuentan con su primer material profesionalmente registrado, mezclado y masterizado para continuar su camino de trabajo art\u00edstico.<\/p>\n<p>\u201cEste tipo de entregas me ponen muy feliz ya que buscamos que artistas de toda la provincia puedan expresarse a trav\u00e9s de sus grabaciones, las que al mismo tiempo le dan vida y raz\u00f3n de ser al estudio de la Vicegobernaci\u00f3n, haciendo que tanto talento que la provincia tiene pueda ser conocido y reconocido\u201d, expres\u00f3 el vicegobernador Dusso.<\/p>\n<p>Los m\u00fasicos y m\u00fasicas que recibieron su material fueron: Norma Del Valle Reartes, Benjam\u00edn Cuarteto, Yakumama, Ethel Kunz, Ra\u00edces Sonoras y Ariana Moreno.<\/p>\n<p><b>Sobre el Estudio<\/b><\/p>\n<p>El Estudio de Grabaci\u00f3n de Vicegobernaci\u00f3n, cumple una funci\u00f3n social muy importante brindando oportunidades a los y las artistas, m\u00fasicos, compositores, poetas, recitadores y copleros. Cuenta con un equipo de profesionales a disposici\u00f3n del estudio, t\u00e9cnicos, m\u00fasicos y productores.<\/p>\n<p>M\u00e1s de 1000 personas visitaron este estudio de grabaci\u00f3n, registrando m\u00e1s de 750 canciones grabadas de 130 grupos, ensambles, o proyectos musicales de toda la Provincia.<\/p>\n<p><b>Derechos de Autor<\/b><\/p>\n<p>La DIRECCI\u00d3N NACIONAL DEL DERECHO DE AUTOR (D.N.D.A.) tiene como principal objetivo proteger al autor desde que crea su obra. En este sentido tiene las siguientes funciones: custodiar las obras in\u00e9ditas (aquellas que no han sido editadas, publicadas o exhibidas) y registrar las obras publicadas, las publicaciones peri\u00f3dicas y los contratos. Se asesora y ayuda a que las personas resguarden sus obras sin costo. Este gasto de formularios y gesti\u00f3n de las personas que deciden resguardar sus obras, lo absorbe la Vicegobernaci\u00f3n en conjunto con el Senado de la Provincia de Catamarca.<\/p>\n","protected":false},"excerpt":{"rendered":"<p>Ayer en el Palacio Legislativo, con la presencia del vicegobernador Rub\u00e9n Dusso, se hizo entrega del material discogr\u00e1fico correspondiente a<\/p>\n","protected":false},"author":1,"featured_media":9548,"comment_status":"closed","ping_status":"closed","sticky":false,"template":"","format":"standard","meta":{"footnotes":"","jetpack_publicize_message":"","jetpack_publicize_feature_enabled":true,"jetpack_social_post_already_shared":true,"jetpack_social_options":{"image_generator_settings":{"template":"highway","enabled":false},"version":2}},"categories":[2],"tags":[],"class_list":["post-9547","post","type-post","status-publish","format-standard","has-post-thumbnail","hentry","category-locales"],"jetpack_publicize_connections":[],"_links":{"self":[{"href":"https:\/\/diariorepublica.com.ar\/web\/index.php\/wp-json\/wp\/v2\/posts\/9547"}],"collection":[{"href":"https:\/\/diariorepublica.com.ar\/web\/index.php\/wp-json\/wp\/v2\/posts"}],"about":[{"href":"https:\/\/diariorepublica.com.ar\/web\/index.php\/wp-json\/wp\/v2\/types\/post"}],"author":[{"embeddable":true,"href":"https:\/\/diariorepublica.com.ar\/web\/index.php\/wp-json\/wp\/v2\/users\/1"}],"replies":[{"embeddable":true,"href":"https:\/\/diariorepublica.com.ar\/web\/index.php\/wp-json\/wp\/v2\/comments?post=9547"}],"version-history":[{"count":1,"href":"https:\/\/diariorepublica.com.ar\/web\/index.php\/wp-json\/wp\/v2\/posts\/9547\/revisions"}],"predecessor-version":[{"id":9549,"href":"https:\/\/diariorepublica.com.ar\/web\/index.php\/wp-json\/wp\/v2\/posts\/9547\/revisions\/9549"}],"wp:featuredmedia":[{"embeddable":true,"href":"https:\/\/diariorepublica.com.ar\/web\/index.php\/wp-json\/wp\/v2\/media\/9548"}],"wp:attachment":[{"href":"https:\/\/diariorepublica.com.ar\/web\/index.php\/wp-json\/wp\/v2\/media?parent=9547"}],"wp:term":[{"taxonomy":"category","embeddable":true,"href":"https:\/\/diariorepublica.com.ar\/web\/index.php\/wp-json\/wp\/v2\/categories?post=9547"},{"taxonomy":"post_tag","embeddable":true,"href":"https:\/\/diariorepublica.com.ar\/web\/index.php\/wp-json\/wp\/v2\/tags?post=9547"}],"curies":[{"name":"wp","href":"https:\/\/api.w.org\/{rel}","templated":true}]}}