{"id":9566,"date":"2023-11-15T12:45:32","date_gmt":"2023-11-15T15:45:32","guid":{"rendered":"https:\/\/diariorepublica.com.ar\/web\/?p=9566"},"modified":"2023-11-15T12:45:34","modified_gmt":"2023-11-15T15:45:34","slug":"poman-mas-productores-ya-tienen-su-sistema-de-riego-presurizado","status":"publish","type":"post","link":"https:\/\/diariorepublica.com.ar\/web\/index.php\/sociedad\/2023\/11\/15\/poman-mas-productores-ya-tienen-su-sistema-de-riego-presurizado\/","title":{"rendered":"Pom\u00e1n: m\u00e1s productores ya tienen su sistema de riego presurizado"},"content":{"rendered":"<p>En una iniciativa orientada a fortalecer la producci\u00f3n agr\u00edcola, el gobernador Ra\u00fal Jalil realiz\u00f3 una visita a la localidad de Colana, en el departamento Pom\u00e1n, donde dej\u00f3 inaugurado un nuevo sistema presurizado de riego en la finca de Mario Nieva, productor nogalero.<\/p>\n<p>Cabe resaltar que la implementaci\u00f3n de tecnolog\u00edas de riego alcanza a m\u00e1s de 250 parcelas en todo el departamento Pom\u00e1n. En Colana, 50 productores se beneficiaron de estos sistemas, mientras que en la localidad de El Pajonal son 21 y en la villa de Pom\u00e1n 50.\u00a0 A estas cifras se suman los sistemas ya entregados en Mutquin (50), Sij\u00e1n (50), y Rinc\u00f3n (54).<\/p>\n<p>El principal prop\u00f3sito de esta inversi\u00f3n es mejorar significativamente la eficiencia en el uso del agua, aumentando la tasa de aprovechamiento del recurso h\u00eddrico del 40% al casi 90%, gracias a la incorporaci\u00f3n de tecnolog\u00eda de riego de \u00faltima generaci\u00f3n. Este avance no solo posibilita la expansi\u00f3n de la superficie de plantaci\u00f3n, sino que tambi\u00e9n contribuye a lograr un mayor rendimiento productivo, impactando positivamente en la econom\u00eda de las familias locales.<\/p>\n<p>El Gobierno de la provincia ha venido respaldando de manera activa al sector productivo del interior a trav\u00e9s de pol\u00edticas y asistencia concretas a los agricultores mediante el Ministerio de Inclusi\u00f3n Digital y Sistemas Productivos. Estas acciones se enmarcan en el Programa de Servicios Agr\u00edcolas Provinciales (PROSAP) y el Programa de Inserci\u00f3n Econ\u00f3mica de los Productores Familiares del Norte Argentino (PROCANOR).<\/p>\n<p>Durante su visita, el Gobernador tambi\u00e9n tuvo la oportunidad de recorrer Multimedios Pom\u00e1n, donde comparti\u00f3 sus opiniones sobre el balotaje presidencial del pr\u00f3ximo domingo. En la entrevista, destac\u00f3 la importancia para Catamarca de contar con Sergio Massa como pr\u00f3ximo presidente, instando a la comunidad a participar activamente en las elecciones y brindar su apoyo al candidato de Uni\u00f3n por la Patria.<\/p>\n<p>Acompa\u00f1aron al mandatario en esta jornada el ministro de Inclusi\u00f3n Digital y Sistemas Productivos, Dalmacio Mera, el intendente Francisco Gordillo, entre otras autoridades.<\/p>\n","protected":false},"excerpt":{"rendered":"<p>En una iniciativa orientada a fortalecer la producci\u00f3n agr\u00edcola, el gobernador Ra\u00fal Jalil realiz\u00f3 una visita a la localidad de<\/p>\n","protected":false},"author":1,"featured_media":9567,"comment_status":"closed","ping_status":"closed","sticky":false,"template":"","format":"standard","meta":{"footnotes":"","jetpack_publicize_message":"","jetpack_publicize_feature_enabled":true,"jetpack_social_post_already_shared":true,"jetpack_social_options":{"image_generator_settings":{"template":"highway","enabled":false},"version":2}},"categories":[3],"tags":[],"class_list":["post-9566","post","type-post","status-publish","format-standard","has-post-thumbnail","hentry","category-sociedad"],"jetpack_publicize_connections":[],"_links":{"self":[{"href":"https:\/\/diariorepublica.com.ar\/web\/index.php\/wp-json\/wp\/v2\/posts\/9566"}],"collection":[{"href":"https:\/\/diariorepublica.com.ar\/web\/index.php\/wp-json\/wp\/v2\/posts"}],"about":[{"href":"https:\/\/diariorepublica.com.ar\/web\/index.php\/wp-json\/wp\/v2\/types\/post"}],"author":[{"embeddable":true,"href":"https:\/\/diariorepublica.com.ar\/web\/index.php\/wp-json\/wp\/v2\/users\/1"}],"replies":[{"embeddable":true,"href":"https:\/\/diariorepublica.com.ar\/web\/index.php\/wp-json\/wp\/v2\/comments?post=9566"}],"version-history":[{"count":1,"href":"https:\/\/diariorepublica.com.ar\/web\/index.php\/wp-json\/wp\/v2\/posts\/9566\/revisions"}],"predecessor-version":[{"id":9568,"href":"https:\/\/diariorepublica.com.ar\/web\/index.php\/wp-json\/wp\/v2\/posts\/9566\/revisions\/9568"}],"wp:featuredmedia":[{"embeddable":true,"href":"https:\/\/diariorepublica.com.ar\/web\/index.php\/wp-json\/wp\/v2\/media\/9567"}],"wp:attachment":[{"href":"https:\/\/diariorepublica.com.ar\/web\/index.php\/wp-json\/wp\/v2\/media?parent=9566"}],"wp:term":[{"taxonomy":"category","embeddable":true,"href":"https:\/\/diariorepublica.com.ar\/web\/index.php\/wp-json\/wp\/v2\/categories?post=9566"},{"taxonomy":"post_tag","embeddable":true,"href":"https:\/\/diariorepublica.com.ar\/web\/index.php\/wp-json\/wp\/v2\/tags?post=9566"}],"curies":[{"name":"wp","href":"https:\/\/api.w.org\/{rel}","templated":true}]}}