{"id":9578,"date":"2023-11-16T06:48:00","date_gmt":"2023-11-16T09:48:00","guid":{"rendered":"https:\/\/diariorepublica.com.ar\/web\/?p=9578"},"modified":"2023-11-16T07:51:07","modified_gmt":"2023-11-16T10:51:07","slug":"colombia-vs-brasil-por-eliminatorias-sudamericanas","status":"publish","type":"post","link":"https:\/\/diariorepublica.com.ar\/web\/index.php\/deportes\/2023\/11\/16\/colombia-vs-brasil-por-eliminatorias-sudamericanas\/","title":{"rendered":"Colombia vs. Brasil, por Eliminatorias Sudamericanas"},"content":{"rendered":"<p class=\"capital\"><b>Colombia recibe a Brasil este jueves desde las 21 en el Estadio Metropolitano Roberto Mel\u00e9ndez<\/b>, de Barranquilla, por la quinta jornada de las\u00a0<b>Eliminatorias Sudamericanas<\/b>\u00a0rumbo al\u00a0<b>Mundial 2026<\/b>\u00a0que se disputar\u00e1 en Estados Unidos, M\u00e9xico y Canad\u00e1.<\/p>\n<p>La\u00a0<b><i>Canarinha<\/i><\/b>, que no tendr\u00e1 a\u00a0<b>Neymar\u00a0<\/b>porque est\u00e1 lesionado, tendr\u00e1 un parada brav\u00edsima luego de su ca\u00edda 2-0 con Uruguay y en la previa del Cl\u00e1sico con Argentina<\/p>\n<p><b>Colombia\u00a0<\/b>viene de tres igualdades consecutivas en los cuatro encuentros disputados por\u00a0<b>Eliminatorias<\/b>, mientras que el restante fue victoria para los dirigidos por\u00a0<b>N\u00e9stor Lorenzo<\/b>. En su \u00faltima presentaci\u00f3n empat\u00f3 0-0 con Ecuador, para colocarse en el quinta posici\u00f3n de la tabla con 6 puntos conseguidos.<\/p>\n<p>Por su parte,\u00a0<b>Brasil<\/b>\u00a0venci\u00f3 en los dos primeros duelos del certamen clasificatorio, pero luego empat\u00f3 con\u00a0<b>Venezuela\u00a0<\/b>y cay\u00f3 ante\u00a0<b>Uruguay\u00a0<\/b>en su \u00faltimo antecedente. La\u00a0<i><b>Canarinha\u00a0<\/b><\/i>se encuentra en el tercer puesto, con siete unidades registradas.<\/p>\n<ul>\n<li>Hora: 21<\/li>\n<li>TV: TyC Sports 2 y TyC Sports Play<\/li>\n<li>\u00c1rbitro: Andr\u00e9s Matonte (URU)<\/li>\n<li>VAR: Leodan Gonz\u00e1lez (URU)<\/li>\n<li>Estadio: Metropolitano Roberto Mel\u00e9ndez, de Barranquilla<\/li>\n<\/ul>\n","protected":false},"excerpt":{"rendered":"<p>Colombia recibe a Brasil este jueves desde las 21 en el Estadio Metropolitano Roberto Mel\u00e9ndez, de Barranquilla, por la quinta<\/p>\n","protected":false},"author":1,"featured_media":9579,"comment_status":"closed","ping_status":"closed","sticky":false,"template":"","format":"standard","meta":{"footnotes":"","jetpack_publicize_message":"","jetpack_publicize_feature_enabled":true,"jetpack_social_post_already_shared":true,"jetpack_social_options":{"image_generator_settings":{"template":"highway","enabled":false},"version":2}},"categories":[9],"tags":[],"class_list":["post-9578","post","type-post","status-publish","format-standard","has-post-thumbnail","hentry","category-deportes"],"jetpack_publicize_connections":[],"_links":{"self":[{"href":"https:\/\/diariorepublica.com.ar\/web\/index.php\/wp-json\/wp\/v2\/posts\/9578"}],"collection":[{"href":"https:\/\/diariorepublica.com.ar\/web\/index.php\/wp-json\/wp\/v2\/posts"}],"about":[{"href":"https:\/\/diariorepublica.com.ar\/web\/index.php\/wp-json\/wp\/v2\/types\/post"}],"author":[{"embeddable":true,"href":"https:\/\/diariorepublica.com.ar\/web\/index.php\/wp-json\/wp\/v2\/users\/1"}],"replies":[{"embeddable":true,"href":"https:\/\/diariorepublica.com.ar\/web\/index.php\/wp-json\/wp\/v2\/comments?post=9578"}],"version-history":[{"count":1,"href":"https:\/\/diariorepublica.com.ar\/web\/index.php\/wp-json\/wp\/v2\/posts\/9578\/revisions"}],"predecessor-version":[{"id":9580,"href":"https:\/\/diariorepublica.com.ar\/web\/index.php\/wp-json\/wp\/v2\/posts\/9578\/revisions\/9580"}],"wp:featuredmedia":[{"embeddable":true,"href":"https:\/\/diariorepublica.com.ar\/web\/index.php\/wp-json\/wp\/v2\/media\/9579"}],"wp:attachment":[{"href":"https:\/\/diariorepublica.com.ar\/web\/index.php\/wp-json\/wp\/v2\/media?parent=9578"}],"wp:term":[{"taxonomy":"category","embeddable":true,"href":"https:\/\/diariorepublica.com.ar\/web\/index.php\/wp-json\/wp\/v2\/categories?post=9578"},{"taxonomy":"post_tag","embeddable":true,"href":"https:\/\/diariorepublica.com.ar\/web\/index.php\/wp-json\/wp\/v2\/tags?post=9578"}],"curies":[{"name":"wp","href":"https:\/\/api.w.org\/{rel}","templated":true}]}}