{"id":9581,"date":"2023-11-16T07:21:00","date_gmt":"2023-11-16T10:21:00","guid":{"rendered":"https:\/\/diariorepublica.com.ar\/web\/?p=9581"},"modified":"2023-11-16T07:52:38","modified_gmt":"2023-11-16T10:52:38","slug":"venezuela-vs-ecuador-por-eliminatorias-sudamericanas","status":"publish","type":"post","link":"https:\/\/diariorepublica.com.ar\/web\/index.php\/deportes\/2023\/11\/16\/venezuela-vs-ecuador-por-eliminatorias-sudamericanas\/","title":{"rendered":"Venezuela vs. Ecuador, por Eliminatorias Sudamericanas"},"content":{"rendered":"<p><b>Venezuela recibe a Ecuador este jueves desde las 19<\/b>, por la quinta jornada de las\u00a0<b>Eliminatorias Sudamericanas<\/b>\u00a0rumbo al\u00a0<b>Mundial 2026<\/b>\u00a0que se disputar\u00e1 en Estados Unidos, M\u00e9xico y Canad\u00e1. El\u00a0<b>Estadio Monumental de Matur\u00edn<\/b>\u00a0ser\u00e1 el escenario para el duelo en que la\u00a0<b><i>Vinotinto\u00a0<\/i><\/b>de\u00a0<b>Fernando Batista<\/b>\u00a0buscar\u00e1 ganar y as\u00ed seguir alimentando su sue\u00f1o de clasificar por primera vez en su historia a una Copa del Mundo.<\/p>\n<p>Si bien\u00a0<b>Venezuela\u00a0<\/b>comenz\u00f3 las\u00a0<b>Eliminatorias\u00a0<\/b>con una derrota ante\u00a0<b>Colombia<\/b>, est\u00e1 viviendo un sue\u00f1o del que no quiere despertar: venci\u00f3 a\u00a0<b>Paraguay<\/b>, empat\u00f3 con\u00a0<b>Brasil\u00a0<\/b>en condici\u00f3n de visitante y volvi\u00f3 a quedarse con los tres puntos en la \u00faltima fecha ante\u00a0<b>Chile<\/b>. Los dirigidos por\u00a0<b>Fernando Batista<\/b>\u00a0se ubican en la cuarta posici\u00f3n, con siete puntos.<\/p>\n<p>Por su parte,\u00a0<b>Ecuador\u00a0<\/b>acumula los mismos resultados que su rival, ya que cay\u00f3 en el debut ante\u00a0<b>Argentina<\/b>, hilvan\u00f3 dos victorias ante Uruguay y Bolivia, para luego empatar con\u00a0<b>Colombia\u00a0<\/b>en la \u00faltima fecha. Sin embargo, la Tri marcha sexto con tan s\u00f3lo cuatro unidades por la sanci\u00f3n de FIFA que lo hizo comenzar la competici\u00f3n con puntaje negativo.<\/p>\n<ul>\n<li>Hora: 19<\/li>\n<li>TV: DSports+<\/li>\n<li>\u00c1rbitro: Juan Gabriel Ben\u00edtez (PAR)<\/li>\n<li>VAR: Carlos Ben\u00edtez<\/li>\n<li>Estadio: Estadio Monumental de Matur\u00edn<\/li>\n<\/ul>\n","protected":false},"excerpt":{"rendered":"<p>Venezuela recibe a Ecuador este jueves desde las 19, por la quinta jornada de las\u00a0Eliminatorias Sudamericanas\u00a0rumbo al\u00a0Mundial 2026\u00a0que se disputar\u00e1<\/p>\n","protected":false},"author":1,"featured_media":9582,"comment_status":"closed","ping_status":"closed","sticky":false,"template":"","format":"standard","meta":{"footnotes":"","jetpack_publicize_message":"","jetpack_publicize_feature_enabled":true,"jetpack_social_post_already_shared":true,"jetpack_social_options":{"image_generator_settings":{"template":"highway","enabled":false},"version":2}},"categories":[9],"tags":[],"class_list":["post-9581","post","type-post","status-publish","format-standard","has-post-thumbnail","hentry","category-deportes"],"jetpack_publicize_connections":[],"_links":{"self":[{"href":"https:\/\/diariorepublica.com.ar\/web\/index.php\/wp-json\/wp\/v2\/posts\/9581"}],"collection":[{"href":"https:\/\/diariorepublica.com.ar\/web\/index.php\/wp-json\/wp\/v2\/posts"}],"about":[{"href":"https:\/\/diariorepublica.com.ar\/web\/index.php\/wp-json\/wp\/v2\/types\/post"}],"author":[{"embeddable":true,"href":"https:\/\/diariorepublica.com.ar\/web\/index.php\/wp-json\/wp\/v2\/users\/1"}],"replies":[{"embeddable":true,"href":"https:\/\/diariorepublica.com.ar\/web\/index.php\/wp-json\/wp\/v2\/comments?post=9581"}],"version-history":[{"count":1,"href":"https:\/\/diariorepublica.com.ar\/web\/index.php\/wp-json\/wp\/v2\/posts\/9581\/revisions"}],"predecessor-version":[{"id":9583,"href":"https:\/\/diariorepublica.com.ar\/web\/index.php\/wp-json\/wp\/v2\/posts\/9581\/revisions\/9583"}],"wp:featuredmedia":[{"embeddable":true,"href":"https:\/\/diariorepublica.com.ar\/web\/index.php\/wp-json\/wp\/v2\/media\/9582"}],"wp:attachment":[{"href":"https:\/\/diariorepublica.com.ar\/web\/index.php\/wp-json\/wp\/v2\/media?parent=9581"}],"wp:term":[{"taxonomy":"category","embeddable":true,"href":"https:\/\/diariorepublica.com.ar\/web\/index.php\/wp-json\/wp\/v2\/categories?post=9581"},{"taxonomy":"post_tag","embeddable":true,"href":"https:\/\/diariorepublica.com.ar\/web\/index.php\/wp-json\/wp\/v2\/tags?post=9581"}],"curies":[{"name":"wp","href":"https:\/\/api.w.org\/{rel}","templated":true}]}}