{"id":9631,"date":"2023-11-17T10:34:26","date_gmt":"2023-11-17T13:34:26","guid":{"rendered":"https:\/\/diariorepublica.com.ar\/web\/?p=9631"},"modified":"2023-11-17T10:34:27","modified_gmt":"2023-11-17T13:34:27","slug":"presentaron-relevamiento-en-3d-del-pucara-de-aconquija-ante-autoridades-del-conicet-y-del-cofecyt","status":"publish","type":"post","link":"https:\/\/diariorepublica.com.ar\/web\/index.php\/sociedad\/2023\/11\/17\/presentaron-relevamiento-en-3d-del-pucara-de-aconquija-ante-autoridades-del-conicet-y-del-cofecyt\/","title":{"rendered":"Presentaron relevamiento en 3D del Pucar\u00e1 de Aconquija ante autoridades del Conicet y del COFECyT"},"content":{"rendered":"<p>El director provincial de Antropolog\u00eda, Cristian Meli\u00e1n junto al arque\u00f3logo Ezequiel Fonseca presentaron este jueves 16 de noviembre ante autoridades del CONICET, del Ministerio de Ciencia, Tecnolog\u00eda e Innovaci\u00f3n de la Naci\u00f3n y del Ministerio de Ciencia e Innovaci\u00f3n Tecnol\u00f3gica de la Provincia los avances y aportes del proyecto \u201cEl Pucar\u00e1 Incaico de Aconquija. Aplicaci\u00f3n de tecnolog\u00edas digitales 3D para su puesta en valor tur\u00edstica\u201d, realizado a partir de un financiamiento obtenido en el marco de la convocatoria de los Proyectos Federales de Innovaci\u00f3n (PFI) del Ministerio de Innovaci\u00f3n, Ciencia y Tecnolog\u00eda y el COFECyT.<\/p>\n<p>La primera etapa del trabajo, que cuenta entre sus autores tambi\u00e9n a Sergio \u00c1lvarez, Ariel Del Viso y Leonardo Faryluk -todos especialistas de la Direcci\u00f3n Provincial de Antropolog\u00eda- permiti\u00f3 la realizaci\u00f3n de un diagn\u00f3stico y un relevamiento fotogr\u00e1fico pormenorizado de todo el sitio El Pucar\u00e1 de Aconquija que, junto a un tramo de camino anexo, forma parte del Qhapaq \u00d1an, el sistema vial andino declarado por UNESCO Patrimonio de la Humanidad.<\/p>\n<p>Durante la presentaci\u00f3n que se concret\u00f3 en el Nodo Tecnol\u00f3gico de la municipalidad de la Capital, los investigadores explicaron la importancia de este relevamiento que permiti\u00f3 generar nuevas planimetr\u00edas e im\u00e1genes 3D in\u00e9ditas del sitio arqueol\u00f3gico y poder dimensionar la magnitud de este sitio, que tiene 80 hect\u00e1reas construidas con murallas de m\u00e1s de 3 metros de altura y que, en su extensi\u00f3n total, cercan la fortaleza en un per\u00edmetro de aproximadamente 3 km de longitud.<\/p>\n<p>Mediante el financiamiento otorgado por el COFECYT y el Ministerio de Ciencia, Tecnolog\u00eda e Innovaci\u00f3n de la Naci\u00f3n, fue posible adquirir los equipos para este relevamiento territorial que no solo aporta datos valiosos con fines investigativos, sino que permitir\u00e1 trabajar en la puesta en valor del sitio para su apertura con fines tur\u00edsticos.<\/p>\n<p>Uno de los objetivos del desarrollo de este sistema de informaci\u00f3n territorial fue actualizar la cartograf\u00eda del sitio, y en adelante diagramar sendas de circulaci\u00f3n, generar un plan integral de manejo, monitoreo y mitigaci\u00f3n de impacto del sitio y avanzar en el desarrollo del gui\u00f3n muse\u00edstico.<\/p>\n<p>De hecho, una segunda etapa del proyecto contempla la realizaci\u00f3n de contenidos digitales en 3D y realidad virtual que permitan recorrer el sitio sin necesidad de trasladarse hasta el lugar y que ser\u00e1n insumo para el gui\u00f3n museogr\u00e1fico del futuro centro de interpretaci\u00f3n ubicado al pie del cerro donde se encuentra el pucar\u00e1.<\/p>\n<p>De esta forma se podr\u00e1n conjugar a\u00f1os de investigaci\u00f3n cient\u00edfica sobre el Pucar\u00e1 con desarrollos tecnol\u00f3gicos que contribuyan a la activaci\u00f3n, difusi\u00f3n y preservaci\u00f3n de este bien patrimonial que form\u00f3 parte del antiguo sistema vial andino o Camino del Inca.<\/p>\n<p>De la jornada de presentaci\u00f3n de los proyectos participaron la presidenta del CONICET, Dra. Ana Franchi, la subsecretar\u00eda nacional de Federalizaci\u00f3n de la Ciencia, Tecnolog\u00eda e Innovaci\u00f3n Dra. Luz Lardone, el director del Centro Cient\u00edfico Tecnol\u00f3gico CONICET Norte Sur, Dr. Augusto Bellomio, la directora del Centro Regional de Energ\u00eda y Ambiente para el Desarrollo Sustentable (Conicet-UNCA) y vicedirectora del CCT Noa Sur, Dra. Marta Arias, el ministro de Ciencia e Innovaci\u00f3n Tecnol\u00f3gica de la provincia, Isauro Molina y su equipo, y la directora del Nodo Tecnol\u00f3gico de Catamarca Capital, Sonia Aibar.<\/p>\n","protected":false},"excerpt":{"rendered":"<p>El director provincial de Antropolog\u00eda, Cristian Meli\u00e1n junto al arque\u00f3logo Ezequiel Fonseca presentaron este jueves 16 de noviembre ante autoridades<\/p>\n","protected":false},"author":1,"featured_media":9632,"comment_status":"closed","ping_status":"closed","sticky":false,"template":"","format":"standard","meta":{"footnotes":"","jetpack_publicize_message":"","jetpack_publicize_feature_enabled":true,"jetpack_social_post_already_shared":true,"jetpack_social_options":{"image_generator_settings":{"template":"highway","enabled":false},"version":2}},"categories":[3],"tags":[],"class_list":["post-9631","post","type-post","status-publish","format-standard","has-post-thumbnail","hentry","category-sociedad"],"jetpack_publicize_connections":[],"_links":{"self":[{"href":"https:\/\/diariorepublica.com.ar\/web\/index.php\/wp-json\/wp\/v2\/posts\/9631"}],"collection":[{"href":"https:\/\/diariorepublica.com.ar\/web\/index.php\/wp-json\/wp\/v2\/posts"}],"about":[{"href":"https:\/\/diariorepublica.com.ar\/web\/index.php\/wp-json\/wp\/v2\/types\/post"}],"author":[{"embeddable":true,"href":"https:\/\/diariorepublica.com.ar\/web\/index.php\/wp-json\/wp\/v2\/users\/1"}],"replies":[{"embeddable":true,"href":"https:\/\/diariorepublica.com.ar\/web\/index.php\/wp-json\/wp\/v2\/comments?post=9631"}],"version-history":[{"count":1,"href":"https:\/\/diariorepublica.com.ar\/web\/index.php\/wp-json\/wp\/v2\/posts\/9631\/revisions"}],"predecessor-version":[{"id":9633,"href":"https:\/\/diariorepublica.com.ar\/web\/index.php\/wp-json\/wp\/v2\/posts\/9631\/revisions\/9633"}],"wp:featuredmedia":[{"embeddable":true,"href":"https:\/\/diariorepublica.com.ar\/web\/index.php\/wp-json\/wp\/v2\/media\/9632"}],"wp:attachment":[{"href":"https:\/\/diariorepublica.com.ar\/web\/index.php\/wp-json\/wp\/v2\/media?parent=9631"}],"wp:term":[{"taxonomy":"category","embeddable":true,"href":"https:\/\/diariorepublica.com.ar\/web\/index.php\/wp-json\/wp\/v2\/categories?post=9631"},{"taxonomy":"post_tag","embeddable":true,"href":"https:\/\/diariorepublica.com.ar\/web\/index.php\/wp-json\/wp\/v2\/tags?post=9631"}],"curies":[{"name":"wp","href":"https:\/\/api.w.org\/{rel}","templated":true}]}}