{"id":9655,"date":"2023-11-19T20:14:27","date_gmt":"2023-11-19T23:14:27","guid":{"rendered":"https:\/\/diariorepublica.com.ar\/web\/?p=9655"},"modified":"2023-11-19T20:39:52","modified_gmt":"2023-11-19T23:39:52","slug":"sergio-massa-reconocio-la-derrota-y-javier-milei-es-el-presidente-electo","status":"publish","type":"post","link":"https:\/\/diariorepublica.com.ar\/web\/index.php\/politica\/2023\/11\/19\/sergio-massa-reconocio-la-derrota-y-javier-milei-es-el-presidente-electo\/","title":{"rendered":"Sergio Massa reconoci\u00f3 la derrota y Javier Milei es el presidente electo"},"content":{"rendered":"<p class=\"article__dropline\">El ministro de Econom\u00eda habl\u00f3 desde el escenario en la sede de Uni\u00f3n por la Patria. El l\u00edder de La Libertad Avanza habr\u00eda sacado una amplia diferencia de votos. Se esperan los resultados oficiales.<\/p>\n<p class=\"paragraph\">El candidato de Uni\u00f3n por la Patria,&nbsp;<b>Sergio Massa<\/b>, reconoci\u00f3 la derrota.<\/p>\n<p class=\"paragraph\">\u201cFue una campa\u00f1a dif\u00edcil. Hubo l\u00edmites r\u00edspidos que ojal\u00e1, despu\u00e9s de 40 a\u00f1os de democracia, abandone por siempre\u201d.<\/p>\n<p class=\"paragraph\">Quiero agradecerle a todos aquellos que en esta discusi\u00f3n de dos propuestas de pa\u00eds n desde esa conmovadora micromilitancia que quisieron contarle cu\u00e1l era y cu\u00e1l es el proyecto de pa\u00eds que representamos.<\/p>\n","protected":false},"excerpt":{"rendered":"<p>El ministro de Econom\u00eda habl\u00f3 desde el escenario en la sede de Uni\u00f3n por la Patria. El l\u00edder de La<\/p>\n","protected":false},"author":1,"featured_media":9660,"comment_status":"closed","ping_status":"closed","sticky":false,"template":"","format":"standard","meta":{"footnotes":"","jetpack_publicize_message":"","jetpack_publicize_feature_enabled":true,"jetpack_social_post_already_shared":true,"jetpack_social_options":{"image_generator_settings":{"template":"highway","enabled":false},"version":2}},"categories":[12],"tags":[],"class_list":["post-9655","post","type-post","status-publish","format-standard","has-post-thumbnail","hentry","category-politica"],"jetpack_publicize_connections":[],"_links":{"self":[{"href":"https:\/\/diariorepublica.com.ar\/web\/index.php\/wp-json\/wp\/v2\/posts\/9655"}],"collection":[{"href":"https:\/\/diariorepublica.com.ar\/web\/index.php\/wp-json\/wp\/v2\/posts"}],"about":[{"href":"https:\/\/diariorepublica.com.ar\/web\/index.php\/wp-json\/wp\/v2\/types\/post"}],"author":[{"embeddable":true,"href":"https:\/\/diariorepublica.com.ar\/web\/index.php\/wp-json\/wp\/v2\/users\/1"}],"replies":[{"embeddable":true,"href":"https:\/\/diariorepublica.com.ar\/web\/index.php\/wp-json\/wp\/v2\/comments?post=9655"}],"version-history":[{"count":2,"href":"https:\/\/diariorepublica.com.ar\/web\/index.php\/wp-json\/wp\/v2\/posts\/9655\/revisions"}],"predecessor-version":[{"id":9659,"href":"https:\/\/diariorepublica.com.ar\/web\/index.php\/wp-json\/wp\/v2\/posts\/9655\/revisions\/9659"}],"wp:featuredmedia":[{"embeddable":true,"href":"https:\/\/diariorepublica.com.ar\/web\/index.php\/wp-json\/wp\/v2\/media\/9660"}],"wp:attachment":[{"href":"https:\/\/diariorepublica.com.ar\/web\/index.php\/wp-json\/wp\/v2\/media?parent=9655"}],"wp:term":[{"taxonomy":"category","embeddable":true,"href":"https:\/\/diariorepublica.com.ar\/web\/index.php\/wp-json\/wp\/v2\/categories?post=9655"},{"taxonomy":"post_tag","embeddable":true,"href":"https:\/\/diariorepublica.com.ar\/web\/index.php\/wp-json\/wp\/v2\/tags?post=9655"}],"curies":[{"name":"wp","href":"https:\/\/api.w.org\/{rel}","templated":true}]}}