{"id":9673,"date":"2023-11-19T21:00:00","date_gmt":"2023-11-20T00:00:00","guid":{"rendered":"https:\/\/diariorepublica.com.ar\/web\/?p=9673"},"modified":"2023-11-19T21:12:25","modified_gmt":"2023-11-20T00:12:25","slug":"marcos-galperin-celebro-la-victoria-de-javier-milei-libres","status":"publish","type":"post","link":"https:\/\/diariorepublica.com.ar\/web\/index.php\/nacionales\/2023\/11\/19\/marcos-galperin-celebro-la-victoria-de-javier-milei-libres\/","title":{"rendered":"Marcos Galper\u00edn celebr\u00f3 la victoria de Javier Milei: \u00abLibres\u00bb"},"content":{"rendered":"<article class=\"article-body article-body--first-paragraph content-protected-false\" data-td-script-src=\"https:\/\/www.ambito.com\/td\/modulos\/encuestas\/js\/function-embeds-min-version-1700366822.js\">\n<p>El fundador de\u00a0<strong>Mercado Libre<\/strong>,\u00a0<strong>Marcos Galper\u00edn<\/strong>, celebr\u00f3, antes de conocer los resultados oficiales, la\u00a0victoria de\u00a0<strong>Javier Milei<\/strong>\u00a0en el\u00a0balotaje\u00a0ante\u00a0<strong>Sergio Massa en su cuenta de Twitter.<\/strong><\/p>\n<\/article>\n<article class=\"article-body article-body--second-paragraph content-protected-false\">\n<p><strong>\u00abLibres\u00bb,<\/strong>\u00a0fue el mensaje del empresario ante la victoria del candidato libertario.<\/p>\n<section class=\"related-news\">\n<div class=\"row row--eq-height\">\n<div class=\"col-12 col-md-6\">\n<article class=\"news-article news-article--landscape-news news-article--landscape-news\">\n<div class=\"news-article__info-wrapper\">\n<h2 class=\"news-article__title\"><a title=\"\u00e1mbito.com | Los ejes principales del plan econ\u00f3mico de Javier Milei\" href=\"https:\/\/www.ambito.com\/economia\/los-ejes-principales-del-plan-economico-javier-milei-n5879600\" target=\"\" rel=\"deferer follow noopener\">\u00a0de Javier Milei<\/a><\/h2>\n<\/div>\n<\/article>\n<\/div>\n<\/div>\n<\/section>\n<article class=\"article-body article-body--third-paragraph content-protected-false\">\n<div id=\"embed2233_wrap\" class=\"embed_cont type_freetext\" contenteditable=\"false\" data-provider=\"Twitter\">\n<div id=\"embed2233_content\" class=\"embed_content\">\n<div id=\"embed2233_embed\">\n<div class=\"twitter-tweet twitter-tweet-rendered\"><iframe id=\"twitter-widget-0\" class=\"\" title=\"Twitter Tweet\" src=\"https:\/\/platform.twitter.com\/embed\/Tweet.html?creatorScreenName=Ambitocom&amp;dnt=false&amp;embedId=twitter-widget-0&amp;features=eyJ0ZndfdGltZWxpbmVfbGlzdCI6eyJidWNrZXQiOltdLCJ2ZXJzaW9uIjpudWxsfSwidGZ3X2ZvbGxvd2VyX2NvdW50X3N1bnNldCI6eyJidWNrZXQiOnRydWUsInZlcnNpb24iOm51bGx9LCJ0ZndfdHdlZXRfZWRpdF9iYWNrZW5kIjp7ImJ1Y2tldCI6Im9uIiwidmVyc2lvbiI6bnVsbH0sInRmd19yZWZzcmNfc2Vzc2lvbiI6eyJidWNrZXQiOiJvbiIsInZlcnNpb24iOm51bGx9LCJ0ZndfZm9zbnJfc29mdF9pbnRlcnZlbnRpb25zX2VuYWJsZWQiOnsiYnVja2V0Ijoib24iLCJ2ZXJzaW9uIjpudWxsfSwidGZ3X21peGVkX21lZGlhXzE1ODk3Ijp7ImJ1Y2tldCI6InRyZWF0bWVudCIsInZlcnNpb24iOm51bGx9LCJ0ZndfZXhwZXJpbWVudHNfY29va2llX2V4cGlyYXRpb24iOnsiYnVja2V0IjoxMjA5NjAwLCJ2ZXJzaW9uIjpudWxsfSwidGZ3X3Nob3dfYmlyZHdhdGNoX3Bpdm90c19lbmFibGVkIjp7ImJ1Y2tldCI6Im9uIiwidmVyc2lvbiI6bnVsbH0sInRmd19kdXBsaWNhdGVfc2NyaWJlc190b19zZXR0aW5ncyI6eyJidWNrZXQiOiJvbiIsInZlcnNpb24iOm51bGx9LCJ0ZndfdXNlX3Byb2ZpbGVfaW1hZ2Vfc2hhcGVfZW5hYmxlZCI6eyJidWNrZXQiOiJvbiIsInZlcnNpb24iOm51bGx9LCJ0ZndfdmlkZW9faGxzX2R5bmFtaWNfbWFuaWZlc3RzXzE1MDgyIjp7ImJ1Y2tldCI6InRydWVfYml0cmF0ZSIsInZlcnNpb24iOm51bGx9LCJ0ZndfbGVnYWN5X3RpbWVsaW5lX3N1bnNldCI6eyJidWNrZXQiOnRydWUsInZlcnNpb24iOm51bGx9LCJ0ZndfdHdlZXRfZWRpdF9mcm9udGVuZCI6eyJidWNrZXQiOiJvbiIsInZlcnNpb24iOm51bGx9fQ%3D%3D&amp;frame=false&amp;hideCard=false&amp;hideThread=false&amp;id=1726373596044349819&amp;lang=es&amp;origin=https%3A%2F%2Fwww.ambito.com%2Fpolitica%2Fmarcos-galperin-celebro-la-victoria-javier-milei-libres-n5879563&amp;sessionId=96b952a23288980fb777ddad17d10d1f1d48088e&amp;siteScreenName=Ambitocom&amp;theme=light&amp;widgetsVersion=01917f4d1d4cb%3A1696883169554&amp;width=550px\" frameborder=\"0\" scrolling=\"no\" allowfullscreen=\"allowfullscreen\" data-tweet-id=\"1726373596044349819\" data-mce-fragment=\"1\"><\/iframe><\/div>\n<\/div>\n<\/div>\n<\/div>\n<\/article>\n<article class=\"article-body article-body--first-paragraph content-protected-false\" data-td-script-src=\"https:\/\/www.ambito.com\/td\/modulos\/encuestas\/js\/function-embeds-min-version-1700366822.js\"><\/article>\n<article class=\"article-body article-body--second-paragraph content-protected-false\">\n<p>\u00a0<\/p>\n<\/article>\n<\/article>\n\n\n<p><\/p>\n\n\n<article class=\"article-body article-body--fourth-paragraph content-protected-false\">\n<p>M\u00e1s temprano, Marcos Galper\u00edn hab\u00eda posteado una\u00a0<strong>selfie votando en la red social X<\/strong>\u00a0(ex Twitter). En la imagen se lo puede ver introduciendo el sobre en la urna, acompa\u00f1ado de la frase: \u00ab<strong>Hoy se vota<\/strong>\u00ab.<\/p>\n<\/article>\n<article class=\"article-body article-body--remaining-paragraph content-protected-false\">\n<p>La pol\u00e9mica de su fotograf\u00eda votando por las elecciones en Argentina tiene que ver con las declaraciones que hab\u00eda realizado a un diario chileno hace pocas semanas. \u00ab<strong>No volver\u00eda a vivir en la Argentina, independientemente de qui\u00e9n gane<\/strong>\u00ab, asegur\u00f3.<\/p>\n<p>El empresario de 51 a\u00f1os se mud\u00f3 a Uruguay en 2002, y volvi\u00f3 a radicarse en el pa\u00eds durante el mandato de Mauricio Macri. Al finalizar, en 2019, retorn\u00f3 a Montevideo. \u00abLamentablemente, uno toma decisiones que afectan a la familia y a los hijos, y despu\u00e9s no son f\u00e1ciles de deshacer, entonces,\u00a0<strong>uno no pude andarse cambiando de un d\u00eda para otro<\/strong>\u00ab, explic\u00f3.<\/p>\n<p>\u00abSi bien Argentina y Uruguay tienen muchas cosas en com\u00fan, tienen muchas cosas distintas tambi\u00e9n, as\u00ed que la\u00a0<strong>respuesta es no, no volver\u00eda a vivir en Argentina independientemente de qui\u00e9n gane<\/strong>\u00ab, sostuvo.<\/p>\n<p>Fuente: ambito.com<\/p>\n<\/article>","protected":false},"excerpt":{"rendered":"<p>El fundador de\u00a0Mercado Libre,\u00a0Marcos Galper\u00edn, celebr\u00f3, antes de conocer los resultados oficiales, la\u00a0victoria de\u00a0Javier Milei\u00a0en el\u00a0balotaje\u00a0ante\u00a0Sergio Massa en su cuenta<\/p>\n","protected":false},"author":1,"featured_media":9674,"comment_status":"closed","ping_status":"closed","sticky":false,"template":"","format":"standard","meta":{"footnotes":"","jetpack_publicize_message":"","jetpack_publicize_feature_enabled":true,"jetpack_social_post_already_shared":true,"jetpack_social_options":{"image_generator_settings":{"template":"highway","enabled":false},"version":2}},"categories":[4],"tags":[],"class_list":["post-9673","post","type-post","status-publish","format-standard","has-post-thumbnail","hentry","category-nacionales"],"jetpack_publicize_connections":[],"_links":{"self":[{"href":"https:\/\/diariorepublica.com.ar\/web\/index.php\/wp-json\/wp\/v2\/posts\/9673"}],"collection":[{"href":"https:\/\/diariorepublica.com.ar\/web\/index.php\/wp-json\/wp\/v2\/posts"}],"about":[{"href":"https:\/\/diariorepublica.com.ar\/web\/index.php\/wp-json\/wp\/v2\/types\/post"}],"author":[{"embeddable":true,"href":"https:\/\/diariorepublica.com.ar\/web\/index.php\/wp-json\/wp\/v2\/users\/1"}],"replies":[{"embeddable":true,"href":"https:\/\/diariorepublica.com.ar\/web\/index.php\/wp-json\/wp\/v2\/comments?post=9673"}],"version-history":[{"count":1,"href":"https:\/\/diariorepublica.com.ar\/web\/index.php\/wp-json\/wp\/v2\/posts\/9673\/revisions"}],"predecessor-version":[{"id":9675,"href":"https:\/\/diariorepublica.com.ar\/web\/index.php\/wp-json\/wp\/v2\/posts\/9673\/revisions\/9675"}],"wp:featuredmedia":[{"embeddable":true,"href":"https:\/\/diariorepublica.com.ar\/web\/index.php\/wp-json\/wp\/v2\/media\/9674"}],"wp:attachment":[{"href":"https:\/\/diariorepublica.com.ar\/web\/index.php\/wp-json\/wp\/v2\/media?parent=9673"}],"wp:term":[{"taxonomy":"category","embeddable":true,"href":"https:\/\/diariorepublica.com.ar\/web\/index.php\/wp-json\/wp\/v2\/categories?post=9673"},{"taxonomy":"post_tag","embeddable":true,"href":"https:\/\/diariorepublica.com.ar\/web\/index.php\/wp-json\/wp\/v2\/tags?post=9673"}],"curies":[{"name":"wp","href":"https:\/\/api.w.org\/{rel}","templated":true}]}}