{"id":9679,"date":"2023-11-21T05:39:00","date_gmt":"2023-11-21T08:39:00","guid":{"rendered":"https:\/\/diariorepublica.com.ar\/web\/?p=9679"},"modified":"2023-11-21T07:41:23","modified_gmt":"2023-11-21T10:41:23","slug":"cristina-kirchner-suspendio-su-viaje-a-italia-tras-la-derrota-de-union-por-la-patria","status":"publish","type":"post","link":"https:\/\/diariorepublica.com.ar\/web\/index.php\/nacionales\/2023\/11\/21\/cristina-kirchner-suspendio-su-viaje-a-italia-tras-la-derrota-de-union-por-la-patria\/","title":{"rendered":"Cristina Kirchner suspendi\u00f3 su viaje a Italia tras la derrota de Uni\u00f3n por la Patria"},"content":{"rendered":"<p class=\"article__dropline\">La vicepresidenta ten\u00eda planeado dar una conferencia en una universidad de N\u00e1poles y no descartaba la posibilidad de un encuentro con el Papa Francisco en Roma.<\/p>\n<p class=\"paragraph\">Tras el triunfo de Javier Milei en el balotaje de las elecciones 2023, la vicepresidenta Cristina Kirchner suspendi\u00f3 el viaje que ten\u00eda programado esta semana a Italia. La clase magistral iba realizarse este viernes.<\/p>\n<p class=\"paragraph\">La vicepresidenta iba a dar una charla en la Universidad Federico II, de N\u00e1poles que llevaba el t\u00edtulo \u201c<b>La insatisfacci\u00f3n democr\u00e1tica<\/b>\u201d, seg\u00fan consignara la propia casa de estudios en sus redes sociales. El embajador argentino en Italia, Robertino Carl\u00e9s ten\u00eda previsto participar del panel.<\/p>\n","protected":false},"excerpt":{"rendered":"<p>La vicepresidenta ten\u00eda planeado dar una conferencia en una universidad de N\u00e1poles y no descartaba la posibilidad de un encuentro<\/p>\n","protected":false},"author":1,"featured_media":9680,"comment_status":"closed","ping_status":"closed","sticky":false,"template":"","format":"standard","meta":{"footnotes":"","jetpack_publicize_message":"","jetpack_publicize_feature_enabled":true,"jetpack_social_post_already_shared":true,"jetpack_social_options":{"image_generator_settings":{"template":"highway","enabled":false},"version":2}},"categories":[4],"tags":[],"class_list":["post-9679","post","type-post","status-publish","format-standard","has-post-thumbnail","hentry","category-nacionales"],"jetpack_publicize_connections":[],"_links":{"self":[{"href":"https:\/\/diariorepublica.com.ar\/web\/index.php\/wp-json\/wp\/v2\/posts\/9679"}],"collection":[{"href":"https:\/\/diariorepublica.com.ar\/web\/index.php\/wp-json\/wp\/v2\/posts"}],"about":[{"href":"https:\/\/diariorepublica.com.ar\/web\/index.php\/wp-json\/wp\/v2\/types\/post"}],"author":[{"embeddable":true,"href":"https:\/\/diariorepublica.com.ar\/web\/index.php\/wp-json\/wp\/v2\/users\/1"}],"replies":[{"embeddable":true,"href":"https:\/\/diariorepublica.com.ar\/web\/index.php\/wp-json\/wp\/v2\/comments?post=9679"}],"version-history":[{"count":1,"href":"https:\/\/diariorepublica.com.ar\/web\/index.php\/wp-json\/wp\/v2\/posts\/9679\/revisions"}],"predecessor-version":[{"id":9681,"href":"https:\/\/diariorepublica.com.ar\/web\/index.php\/wp-json\/wp\/v2\/posts\/9679\/revisions\/9681"}],"wp:featuredmedia":[{"embeddable":true,"href":"https:\/\/diariorepublica.com.ar\/web\/index.php\/wp-json\/wp\/v2\/media\/9680"}],"wp:attachment":[{"href":"https:\/\/diariorepublica.com.ar\/web\/index.php\/wp-json\/wp\/v2\/media?parent=9679"}],"wp:term":[{"taxonomy":"category","embeddable":true,"href":"https:\/\/diariorepublica.com.ar\/web\/index.php\/wp-json\/wp\/v2\/categories?post=9679"},{"taxonomy":"post_tag","embeddable":true,"href":"https:\/\/diariorepublica.com.ar\/web\/index.php\/wp-json\/wp\/v2\/tags?post=9679"}],"curies":[{"name":"wp","href":"https:\/\/api.w.org\/{rel}","templated":true}]}}