{"id":9682,"date":"2023-11-21T07:10:00","date_gmt":"2023-11-21T10:10:00","guid":{"rendered":"https:\/\/diariorepublica.com.ar\/web\/?p=9682"},"modified":"2023-11-21T07:42:31","modified_gmt":"2023-11-21T10:42:31","slug":"la-ucr-expreso-su-disposicion-a-la-cooperacion-republicana-con-milei","status":"publish","type":"post","link":"https:\/\/diariorepublica.com.ar\/web\/index.php\/politica\/2023\/11\/21\/la-ucr-expreso-su-disposicion-a-la-cooperacion-republicana-con-milei\/","title":{"rendered":"La UCR expres\u00f3 \u00absu disposici\u00f3n a la cooperaci\u00f3n republicana\u00bb con Milei"},"content":{"rendered":"<p>La\u00a0<strong>Uni\u00f3n C\u00edvica Radical (UCR)<\/strong>\u00a0que encabeza\u00a0<strong>Gerardo Morales<\/strong>\u00a0asegur\u00f3 que se pone a<strong>\u00a0\u00abdisposici\u00f3n\u00bb<\/strong>\u00a0del presidente electo\u00a0<strong>Javier Milei<\/strong>\u00a0en la\u00a0<strong>\u00abcooperaci\u00f3n republicana para recuperar a la Argentina\u00bb<\/strong>.<\/p>\n<p>Tras la victoria del libertario en el balotaje sobre\u00a0<strong>Sergio Massa<\/strong>, el centenario partido se expres\u00f3 a trav\u00e9s de un escueto comunicado.<\/p>\n<p><strong>\u00abLa Uni\u00f3n C\u00edvica Radical saluda al presidente electo Javier Milei y expresa su predisposici\u00f3n a la cooperaci\u00f3n republicana para sumar soluciones a la recuperaci\u00f3n argentina\u00bb<\/strong>, indic\u00f3 la UCR.<\/p>\n<p>En tanto, agreg\u00f3:\u00a0<strong>\u00abHace 40 a\u00f1os recuperamos la democracia que permiti\u00f3 nuevamente que el pueblo se exprese y otorgue una visible mayor\u00eda que respetamos aportando nuestros prop\u00f3sitos de m\u00e1s democracia con igualdad y equidad social\u00bb.<\/strong><\/p>\n<p><strong>Con esas palabras el partido se refiri\u00f3 al triunfo del libertario en las urnas por once puntos sobre el candidato de Uni\u00f3n por la Patria.<\/strong><\/p>\n<p>La UCR se expres\u00f3 as\u00ed en momentos en que Juntos por el Cambio, el espacio que compart\u00edan con el PRO y la Coalici\u00f3n C\u00edvica, qued\u00f3 virtualmente vac\u00edo, por lo que ahora debe configurarse un nuevo orden opositor.\u00a0Este lunes, la CC inform\u00f3 que ya dio por finalizada su alianza en Juntos por el Cambio, tras la victoria de Milei que fue acompa\u00f1ada por un sector del PRO.<\/p>\n<p>En las \u00faltimas semanas, dentro del radicalismo tambi\u00e9n se vieron las fisuras que gener\u00f3 el libertario, ya que la c\u00fapula, encabezada por Morales y\u00a0<strong>Mart\u00edn Lousteau<\/strong>, rechaz\u00f3 acompa\u00f1arlo, mientras que otros referentes como el gobernador de Corrientes,\u00a0<strong>Gustavo Vald\u00e9s<\/strong>, y el electo de Mendoza,<strong>\u00a0Alfredo Cornejo<\/strong>, trabajaron junto a Patricia Bullrich para su victoria.<\/p>\n<p>Morales y Lousteau se hab\u00eda expresado en contra del acercamiento de Mauricio Macri y un sector del PRO a Milei, y el gobernador de Jujuy protagoniz\u00f3 duros cruces en los \u00faltimos d\u00edas de campa\u00f1a con el libertario.<\/p>\n<p>Fuente: NA<\/p>\n","protected":false},"excerpt":{"rendered":"<p>La\u00a0Uni\u00f3n C\u00edvica Radical (UCR)\u00a0que encabeza\u00a0Gerardo Morales\u00a0asegur\u00f3 que se pone a\u00a0\u00abdisposici\u00f3n\u00bb\u00a0del presidente electo\u00a0Javier Milei\u00a0en la\u00a0\u00abcooperaci\u00f3n republicana para recuperar a la Argentina\u00bb.<\/p>\n","protected":false},"author":1,"featured_media":9683,"comment_status":"closed","ping_status":"closed","sticky":false,"template":"","format":"standard","meta":{"footnotes":"","jetpack_publicize_message":"","jetpack_publicize_feature_enabled":true,"jetpack_social_post_already_shared":true,"jetpack_social_options":{"image_generator_settings":{"template":"highway","enabled":false},"version":2}},"categories":[12],"tags":[],"class_list":["post-9682","post","type-post","status-publish","format-standard","has-post-thumbnail","hentry","category-politica"],"jetpack_publicize_connections":[],"_links":{"self":[{"href":"https:\/\/diariorepublica.com.ar\/web\/index.php\/wp-json\/wp\/v2\/posts\/9682"}],"collection":[{"href":"https:\/\/diariorepublica.com.ar\/web\/index.php\/wp-json\/wp\/v2\/posts"}],"about":[{"href":"https:\/\/diariorepublica.com.ar\/web\/index.php\/wp-json\/wp\/v2\/types\/post"}],"author":[{"embeddable":true,"href":"https:\/\/diariorepublica.com.ar\/web\/index.php\/wp-json\/wp\/v2\/users\/1"}],"replies":[{"embeddable":true,"href":"https:\/\/diariorepublica.com.ar\/web\/index.php\/wp-json\/wp\/v2\/comments?post=9682"}],"version-history":[{"count":1,"href":"https:\/\/diariorepublica.com.ar\/web\/index.php\/wp-json\/wp\/v2\/posts\/9682\/revisions"}],"predecessor-version":[{"id":9684,"href":"https:\/\/diariorepublica.com.ar\/web\/index.php\/wp-json\/wp\/v2\/posts\/9682\/revisions\/9684"}],"wp:featuredmedia":[{"embeddable":true,"href":"https:\/\/diariorepublica.com.ar\/web\/index.php\/wp-json\/wp\/v2\/media\/9683"}],"wp:attachment":[{"href":"https:\/\/diariorepublica.com.ar\/web\/index.php\/wp-json\/wp\/v2\/media?parent=9682"}],"wp:term":[{"taxonomy":"category","embeddable":true,"href":"https:\/\/diariorepublica.com.ar\/web\/index.php\/wp-json\/wp\/v2\/categories?post=9682"},{"taxonomy":"post_tag","embeddable":true,"href":"https:\/\/diariorepublica.com.ar\/web\/index.php\/wp-json\/wp\/v2\/tags?post=9682"}],"curies":[{"name":"wp","href":"https:\/\/api.w.org\/{rel}","templated":true}]}}