{"id":9694,"date":"2023-11-21T08:47:00","date_gmt":"2023-11-21T11:47:00","guid":{"rendered":"https:\/\/diariorepublica.com.ar\/web\/?p=9694"},"modified":"2023-11-21T07:49:32","modified_gmt":"2023-11-21T10:49:32","slug":"copa-america-2024-confirmaron-fechas-y-sedes-del-partido-inaugural-y-la-final","status":"publish","type":"post","link":"https:\/\/diariorepublica.com.ar\/web\/index.php\/deportes\/2023\/11\/21\/copa-america-2024-confirmaron-fechas-y-sedes-del-partido-inaugural-y-la-final\/","title":{"rendered":"Copa Am\u00e9rica 2024: confirmaron fechas y sedes del partido inaugural y la final"},"content":{"rendered":"<article id=\"article-post\" class=\"first\">\n<div class=\"cuerpo\" data-twitter-link=\"https:\/\/twitter.com\/intent\/tweet?url=https:\/\/www.diariopopular.com.ar\/c755881&amp;via=poopulardiario&amp;related=Popular&amp;text=\">\n<p class=\"capital\">En plena doble fecha de\u00a0<strong>Eliminatorias Sudamericanas<\/strong>\u00a0rumbo al Mundial 2026,<strong> la Conmebol dio a conocer este lunes las fechas y sedes del partido inaugural y la final de la Copa Am\u00e9rica de Estados Unidos 2024, donde la Selecci\u00f3n Argentina ser\u00e1 el campe\u00f3n defensor.<\/strong><\/p>\n<\/div>\n<\/article>\n<article id=\"article-post\">\n<div class=\"cuerpo\" data-twitter-link=\"https:\/\/twitter.com\/intent\/tweet?url=https:\/\/www.diariopopular.com.ar\/c755881&amp;via=poopulardiario&amp;related=Popular&amp;text=\">\n<p>Seg\u00fan inform\u00f3 el ente rector del f\u00fatbol sudamericano,\u00a0<strong>el torneo comenzar\u00e1 el jueves 20 de junio en el Mercedes-Benz Stadium de Atlanta, con capacidad para 71.000 espectadores<\/strong>. El partido inaugural ser\u00e1 de Argentina o Brasil, aunque los campeones del mundo en Qatar 2022 tienen una leve ventaja. De todos modos, resta la confirmaci\u00f3n.<\/p>\n<p>Por otro lado,\u00a0<strong>la final ser\u00e1 el domingo 14 de julio en el Hard Rock Stadium, ubicado en Miami Gardens, Florida, con capacidad para 63.500 personas.<\/strong><\/p>\n<p>Vale destacar que\u00a0<strong>el sorteo de la edici\u00f3n N\u00b0 48 de la Copa Am\u00e9rica se realizar\u00e1 el pr\u00f3ximo 7 de diciembre en Miami<\/strong>, donde se definir\u00e1n los grupos de los 16 seleccionados que la disputar\u00e1n: ser\u00e1n cuatro zonas de cuatro, y los primeros dos de cada grupo clasificar\u00e1 a cuartos de final.<\/p>\n<p><strong>Ser\u00e1 la segunda vez que la Copa Am\u00e9rica tenga 16 participantes, entre ellos, selecciones centroamericanas y norteamericanas.<\/strong>\u00a0La primera fue justamente en 2016, tambi\u00e9n realizada en Estados Unidos, en el marco de la edici\u00f3n especial &#8216;Centenario&#8217;, por los 100 a\u00f1os de la competencia. Chile fue campe\u00f3n al vencer a la Selecci\u00f3n Argentina por penales en la final.<\/p>\n<p>Como aquella vez, a las 10 selecciones sudamericanas s<strong>e les sumar\u00e1n seis invitados de Norteam\u00e9rica, Centroam\u00e9rica y el Caribe<\/strong>, que saldr\u00e1n de la Liga de las Naciones de la Concacaf, todav\u00eda en juego.<\/p>\n<p>Para la\u00a0<strong>Selecci\u00f3n Argentina<\/strong>\u00a0ser\u00e1 una copa especial, ya que no s\u00f3lo defender\u00e1 el t\u00edtulo conseguido en el Maracan\u00e1 en el 2021, sino que adem\u00e1s podr\u00eda significar el final de los ciclos de futbolistas campeones del mundo como\u00a0<strong>Lionel Messi, \u00c1ngel Di Mar\u00eda, Nicol\u00e1s Otamendi y Franco Armani<\/strong>.<\/p>\n<p><strong>Ya confirmadas las sedes, qu\u00e9 dijo Alejandro Dom\u00ednguez<\/strong><\/p>\n<p><strong>\u00abEsperamos estadios llenos con la pasi\u00f3n de todo el continente americano para la inauguraci\u00f3n y final de una inolvidable Copa Am\u00e9rica<\/strong>. En Atlanta, el bal\u00f3n empezar\u00e1 a rodar y no parar\u00e1 durante un mes, hasta el partido final en Miami\u00bb, expres\u00f3\u00a0<strong>Alejandro Dom\u00ednguez<\/strong>, presidente de la Conmebol.<\/p>\n<p>\u00abSon estadios magn\u00edficos en ciudades maravillosas.\u00a0<strong>Agradecemos la valiosa colaboraci\u00f3n de las autoridades estadounidenses y de nuestros amigos de la Concacaf<\/strong>\u00a0en la organizaci\u00f3n de esta competici\u00f3n. Esperamos la mejor Copa Am\u00e9rica de todos los tiempos\u00bb, agreg\u00f3.<\/p>\n<p>El Mercedes-Benz Stadium de Atlanta, popular por sus comodidades y tecnolog\u00eda de vanguardia,\u00a0<strong>ya fue sede de eventos como el Super Bowl LIII, el College Football Playoff National Championship en 2018<\/strong>, entre otros eventos.<\/p>\n<p>Mientras que el Hard Rock Stadium, situado en Miami Gardens, Florida, sirve de sede a los Miami Dolphins, y se utiliz\u00f3 para el torneo de tenis M<strong>iami Open y para los partidos de f\u00fatbol universitario de la Universidad de Miami, Orange Blossom Classic y Orange Bowl<\/strong>. Tambi\u00e9n es un lugar elegido para conciertos y festivales musicales, alberg\u00f3 el Super Bowl LIV y fue seleccionado como una de las sedes para la Copa del Mundo 2026.<\/p>\n<\/div>\n<\/article>\n","protected":false},"excerpt":{"rendered":"<p>En plena doble fecha de\u00a0Eliminatorias Sudamericanas\u00a0rumbo al Mundial 2026, la Conmebol dio a conocer este lunes las fechas y sedes<\/p>\n","protected":false},"author":1,"featured_media":9695,"comment_status":"closed","ping_status":"closed","sticky":false,"template":"","format":"standard","meta":{"footnotes":"","jetpack_publicize_message":"","jetpack_publicize_feature_enabled":true,"jetpack_social_post_already_shared":true,"jetpack_social_options":{"image_generator_settings":{"template":"highway","enabled":false},"version":2}},"categories":[9],"tags":[],"class_list":["post-9694","post","type-post","status-publish","format-standard","has-post-thumbnail","hentry","category-deportes"],"jetpack_publicize_connections":[],"_links":{"self":[{"href":"https:\/\/diariorepublica.com.ar\/web\/index.php\/wp-json\/wp\/v2\/posts\/9694"}],"collection":[{"href":"https:\/\/diariorepublica.com.ar\/web\/index.php\/wp-json\/wp\/v2\/posts"}],"about":[{"href":"https:\/\/diariorepublica.com.ar\/web\/index.php\/wp-json\/wp\/v2\/types\/post"}],"author":[{"embeddable":true,"href":"https:\/\/diariorepublica.com.ar\/web\/index.php\/wp-json\/wp\/v2\/users\/1"}],"replies":[{"embeddable":true,"href":"https:\/\/diariorepublica.com.ar\/web\/index.php\/wp-json\/wp\/v2\/comments?post=9694"}],"version-history":[{"count":1,"href":"https:\/\/diariorepublica.com.ar\/web\/index.php\/wp-json\/wp\/v2\/posts\/9694\/revisions"}],"predecessor-version":[{"id":9696,"href":"https:\/\/diariorepublica.com.ar\/web\/index.php\/wp-json\/wp\/v2\/posts\/9694\/revisions\/9696"}],"wp:featuredmedia":[{"embeddable":true,"href":"https:\/\/diariorepublica.com.ar\/web\/index.php\/wp-json\/wp\/v2\/media\/9695"}],"wp:attachment":[{"href":"https:\/\/diariorepublica.com.ar\/web\/index.php\/wp-json\/wp\/v2\/media?parent=9694"}],"wp:term":[{"taxonomy":"category","embeddable":true,"href":"https:\/\/diariorepublica.com.ar\/web\/index.php\/wp-json\/wp\/v2\/categories?post=9694"},{"taxonomy":"post_tag","embeddable":true,"href":"https:\/\/diariorepublica.com.ar\/web\/index.php\/wp-json\/wp\/v2\/tags?post=9694"}],"curies":[{"name":"wp","href":"https:\/\/api.w.org\/{rel}","templated":true}]}}