{"id":9706,"date":"2023-11-21T09:23:36","date_gmt":"2023-11-21T12:23:36","guid":{"rendered":"https:\/\/diariorepublica.com.ar\/web\/?p=9706"},"modified":"2023-11-21T09:23:39","modified_gmt":"2023-11-21T12:23:39","slug":"espero-que-respete-la-democracia","status":"publish","type":"post","link":"https:\/\/diariorepublica.com.ar\/web\/index.php\/politica\/2023\/11\/21\/espero-que-respete-la-democracia\/","title":{"rendered":"\u00abEspero que respete la democracia\u00bb"},"content":{"rendered":"<p>La senadora nacional Luc\u00eda Corpacci opin\u00f3 sobre el futuro de la Argentina. En este sentido, la titular del Partido Justicia de Catamarca exhort\u00f3 al nuevo presidente de la Naci\u00f3n que \u00abrespete la democracia\u00bb y que acate lo que diga el Congreso al momento de enviar alg\u00fan proyecto de ley para que sea analizado por las C\u00e1maras Legislativas.<\/p>\n<p>Las declaraciones de Corpacci fueron realizadas una vez finalizada una reuni\u00f3n en la sede del PJ local para analizar los resultados de los comicios. Al t\u00e9rmino del plenario, donde tambi\u00e9n particip\u00f3 el gobernador Ra\u00fal Jalil y el intendente Gustavo Saadi, Corpacci dijo \u00abIndudablemente la gente eligi\u00f3 otra cosa, creo que se instal\u00f3 un desprecio muy fuerte por la clase pol\u00edtica y ser\u00e1 tarea de nosotros ponernos a analizar qu\u00e9 es lo que hicimos mal\u00bb<\/p>\n<p>M\u00e1s adelante, afirm\u00f3 que ella es \u00abmuy respetuosa de lo que la gente elige\u00bb, aunque aclar\u00f3 que no coincide \u00abpara nada\u00bb con la propuesta de Milei. \u201cOjal\u00e1 me equivoque y que sea un buen presidente para todos porque la Argentina necesita tener un muy buen presidente\u201d<\/p>\n","protected":false},"excerpt":{"rendered":"<p>La senadora nacional Luc\u00eda Corpacci opin\u00f3 sobre el futuro de la Argentina. En este sentido, la titular del Partido Justicia<\/p>\n","protected":false},"author":2,"featured_media":9707,"comment_status":"closed","ping_status":"closed","sticky":false,"template":"","format":"standard","meta":{"footnotes":"","jetpack_publicize_message":"","jetpack_publicize_feature_enabled":true,"jetpack_social_post_already_shared":true,"jetpack_social_options":{"image_generator_settings":{"template":"highway","enabled":false},"version":2}},"categories":[12],"tags":[],"class_list":["post-9706","post","type-post","status-publish","format-standard","has-post-thumbnail","hentry","category-politica"],"jetpack_publicize_connections":[],"_links":{"self":[{"href":"https:\/\/diariorepublica.com.ar\/web\/index.php\/wp-json\/wp\/v2\/posts\/9706"}],"collection":[{"href":"https:\/\/diariorepublica.com.ar\/web\/index.php\/wp-json\/wp\/v2\/posts"}],"about":[{"href":"https:\/\/diariorepublica.com.ar\/web\/index.php\/wp-json\/wp\/v2\/types\/post"}],"author":[{"embeddable":true,"href":"https:\/\/diariorepublica.com.ar\/web\/index.php\/wp-json\/wp\/v2\/users\/2"}],"replies":[{"embeddable":true,"href":"https:\/\/diariorepublica.com.ar\/web\/index.php\/wp-json\/wp\/v2\/comments?post=9706"}],"version-history":[{"count":1,"href":"https:\/\/diariorepublica.com.ar\/web\/index.php\/wp-json\/wp\/v2\/posts\/9706\/revisions"}],"predecessor-version":[{"id":9708,"href":"https:\/\/diariorepublica.com.ar\/web\/index.php\/wp-json\/wp\/v2\/posts\/9706\/revisions\/9708"}],"wp:featuredmedia":[{"embeddable":true,"href":"https:\/\/diariorepublica.com.ar\/web\/index.php\/wp-json\/wp\/v2\/media\/9707"}],"wp:attachment":[{"href":"https:\/\/diariorepublica.com.ar\/web\/index.php\/wp-json\/wp\/v2\/media?parent=9706"}],"wp:term":[{"taxonomy":"category","embeddable":true,"href":"https:\/\/diariorepublica.com.ar\/web\/index.php\/wp-json\/wp\/v2\/categories?post=9706"},{"taxonomy":"post_tag","embeddable":true,"href":"https:\/\/diariorepublica.com.ar\/web\/index.php\/wp-json\/wp\/v2\/tags?post=9706"}],"curies":[{"name":"wp","href":"https:\/\/api.w.org\/{rel}","templated":true}]}}