{"id":9718,"date":"2023-11-21T09:40:12","date_gmt":"2023-11-21T12:40:12","guid":{"rendered":"https:\/\/diariorepublica.com.ar\/web\/?p=9718"},"modified":"2023-11-21T09:40:13","modified_gmt":"2023-11-21T12:40:13","slug":"drama-en-el-sur-de-la-ciudad","status":"publish","type":"post","link":"https:\/\/diariorepublica.com.ar\/web\/index.php\/policiales\/2023\/11\/21\/drama-en-el-sur-de-la-ciudad\/","title":{"rendered":"Drama en el sur de la Ciudad"},"content":{"rendered":"<p>Vecinos del barrio 100 Viviendas, en la zona sur de la Capital, protagonizaron un enfrentamiento con la Polic\u00eda, quienes respondieron con disparos disuasivos para frenar un intento de linchamiento a manos de un grupo de personas indignadas.<\/p>\n<p>El hecho ocurri\u00f3 en las \u00faltimas horas y dej\u00f3 al descubierto la violencia generada por la presunta entrada de un ladr\u00f3n a la vivienda de una vecina. El individuo identificado posteriormente como Brian Daniel Rodr\u00edguez, de 27 a\u00f1os, ingres\u00f3 con presuntas intenciones delictivas.<\/p>\n<p>Alertados por los gritos de la propietaria, los vecinos, armados con palos y ca\u00f1os de hierro, intentaron hacer justicia por su cuenta. Un oficial que se hizo presente de manera circunstancial y vestido de civil, intervino para evitar el linchamiento del sospechoso por parte de la multitud enardecida.<\/p>\n<p>Posteriormente, los efectivos de la comisar\u00eda Novena llegaron al lugar, logrando sacar al presunto ladr\u00f3n de la vivienda. Sin embargo, el traslado del individuo detenido a la comisar\u00eda no estuvo exento de tensiones. En el camino, los vecinos se aproximaron nuevamente, intentando agredir al sospechoso. En respuesta, la Polic\u00eda realiz\u00f3 disparos disuasivos al aire, logrando dispersar a la multitud para garantizar la seguridad en el operativo.Brian Daniel Rodr\u00edguez fue finalmente alojado en la comisar\u00eda, donde qued\u00f3 detenido a disposici\u00f3n de la fiscal Antonella Kranevitter, quien deber\u00e1 esclarecer los hechos y determinar las posibles imputaciones.<\/p>\n","protected":false},"excerpt":{"rendered":"<p>Vecinos del barrio 100 Viviendas, en la zona sur de la Capital, protagonizaron un enfrentamiento con la Polic\u00eda, quienes respondieron<\/p>\n","protected":false},"author":2,"featured_media":9719,"comment_status":"closed","ping_status":"closed","sticky":false,"template":"","format":"standard","meta":{"footnotes":"","jetpack_publicize_message":"","jetpack_publicize_feature_enabled":true,"jetpack_social_post_already_shared":true,"jetpack_social_options":{"image_generator_settings":{"template":"highway","enabled":false},"version":2}},"categories":[8],"tags":[],"class_list":["post-9718","post","type-post","status-publish","format-standard","has-post-thumbnail","hentry","category-policiales"],"jetpack_publicize_connections":[],"_links":{"self":[{"href":"https:\/\/diariorepublica.com.ar\/web\/index.php\/wp-json\/wp\/v2\/posts\/9718"}],"collection":[{"href":"https:\/\/diariorepublica.com.ar\/web\/index.php\/wp-json\/wp\/v2\/posts"}],"about":[{"href":"https:\/\/diariorepublica.com.ar\/web\/index.php\/wp-json\/wp\/v2\/types\/post"}],"author":[{"embeddable":true,"href":"https:\/\/diariorepublica.com.ar\/web\/index.php\/wp-json\/wp\/v2\/users\/2"}],"replies":[{"embeddable":true,"href":"https:\/\/diariorepublica.com.ar\/web\/index.php\/wp-json\/wp\/v2\/comments?post=9718"}],"version-history":[{"count":1,"href":"https:\/\/diariorepublica.com.ar\/web\/index.php\/wp-json\/wp\/v2\/posts\/9718\/revisions"}],"predecessor-version":[{"id":9720,"href":"https:\/\/diariorepublica.com.ar\/web\/index.php\/wp-json\/wp\/v2\/posts\/9718\/revisions\/9720"}],"wp:featuredmedia":[{"embeddable":true,"href":"https:\/\/diariorepublica.com.ar\/web\/index.php\/wp-json\/wp\/v2\/media\/9719"}],"wp:attachment":[{"href":"https:\/\/diariorepublica.com.ar\/web\/index.php\/wp-json\/wp\/v2\/media?parent=9718"}],"wp:term":[{"taxonomy":"category","embeddable":true,"href":"https:\/\/diariorepublica.com.ar\/web\/index.php\/wp-json\/wp\/v2\/categories?post=9718"},{"taxonomy":"post_tag","embeddable":true,"href":"https:\/\/diariorepublica.com.ar\/web\/index.php\/wp-json\/wp\/v2\/tags?post=9718"}],"curies":[{"name":"wp","href":"https:\/\/api.w.org\/{rel}","templated":true}]}}