{"id":9721,"date":"2023-11-21T09:42:48","date_gmt":"2023-11-21T12:42:48","guid":{"rendered":"https:\/\/diariorepublica.com.ar\/web\/?p=9721"},"modified":"2023-11-21T09:42:50","modified_gmt":"2023-11-21T12:42:50","slug":"el-desafio-es-lograr-consensos-que-beneficien-a-catamarca","status":"publish","type":"post","link":"https:\/\/diariorepublica.com.ar\/web\/index.php\/politica\/2023\/11\/21\/el-desafio-es-lograr-consensos-que-beneficien-a-catamarca\/","title":{"rendered":"\u201cEl desaf\u00edo es lograr consensos que beneficien a Catamarca\u00bb"},"content":{"rendered":"<p>El ministro de Gobierno, Juan Cruz Miranda, se refiri\u00f3 a los resultados del balotaje que gan\u00f3 Javier Milei y el cual deja a Catamarca, entre otras provincias, pintada con un color diferente al de la administraci\u00f3n nacional. En este sentido, record\u00f3 que durante la gesti\u00f3n de Luc\u00eda Corpacci sucedi\u00f3 esa diferencia de origen pol\u00edtico y remarc\u00f3 que la provincia mantendr\u00e1 su perfil dialoguista con el desaf\u00edo de \u201clograr consensos y acuerdos que beneficien a Catamarca y a su vez ayuden a una buena gesti\u00f3n Nacional\u201d.<\/p>\n<p>El Ministro apunt\u00f3 precisamente a las expresiones opositoras vertidas desde Juntos con la mira puesta a cuatro a\u00f1os. Miranda distingui\u00f3 que \u201clas elecciones ya pasaron, la ciudadan\u00eda eligi\u00f3 a sus gobernantes en el orden municipal, provincial y nacional\u201d. En este orden de ideas, se\u00f1al\u00f3 que \u201cahora es tiempo de trabajar juntos y aportar cada uno desde su lugar, para que al pa\u00eds y a la provincia les vaya bien\u201d, m\u00e1s aun teniendo en cuenta el panorama complejo que se deber\u00e1 afrontar en el futuro inmediato. El titular de la cartera pol\u00edtica insisti\u00f3 que \u201cha sido un a\u00f1o con tres elecciones\u201d y que durante este lapso hubo \u201cdemasiada pol\u00edtica partidaria para el ciudadano com\u00fan que tiene cientos de preocupaciones como para seguir hablando de cuestiones electorales\u201d.<\/p>\n<p>M\u00e1s all\u00e1 de eso, el funcionario rescat\u00f3 que el perfil dialoguista del gobierno no mutar\u00e1 y apuntar\u00e1 a generar consensos en beneficio de la provincia. Para el caso, indic\u00f3 que el gobernador Ra\u00fal Jalil \u201cvolver\u00e1 a convocar al di\u00e1logo para al menos consensuar entre las diferentes fuerzas pol\u00edticas temas trascendentales para Catamarca, como el perfil agroindustrial, la pol\u00edtica tur\u00edstica y minera, las prioridades en inversi\u00f3n de infraestructura para facilitar estos procesos de desarrollo local o tambi\u00e9n tratar de que se apruebe en este mes la ley que limita la reelecci\u00f3n indefinida en todos los cargos electivos\u201d. Es decir, el proyecto que ya tiene despacho de comisi\u00f3n en la C\u00e1mara Baja y que pone un freno a las re-reelecciones a gobernador, vice, legisladores e intendentes.<\/p>\n<p>As\u00ed las cosas, se refiri\u00f3 a la dicotom\u00eda pol\u00edtica que queda entre la Provincia y la Naci\u00f3n para rescatar que \u201cno ser\u00e1 la primera vez que gobiernen diferentes signos pol\u00edticos\u201d en esos lugares. En este orden de ideas, se\u00f1al\u00f3 que \u201cel desaf\u00edo es lograr consensos y acuerdos que beneficien a Catamarca y a su vez ayuden a una buena gesti\u00f3n Nacional, que en definitiva ser\u00e1 positivo para todos los ciudadanos\u201d. \u201cPara ello, el \u00fanico camino es el di\u00e1logo\u201d sostuvo Miranda para el cierre de la entrevista.<\/p>\n","protected":false},"excerpt":{"rendered":"<p>El ministro de Gobierno, Juan Cruz Miranda, se refiri\u00f3 a los resultados del balotaje que gan\u00f3 Javier Milei y el<\/p>\n","protected":false},"author":2,"featured_media":9722,"comment_status":"closed","ping_status":"closed","sticky":false,"template":"","format":"standard","meta":{"footnotes":"","jetpack_publicize_message":"","jetpack_publicize_feature_enabled":true,"jetpack_social_post_already_shared":true,"jetpack_social_options":{"image_generator_settings":{"template":"highway","enabled":false},"version":2}},"categories":[12],"tags":[],"class_list":["post-9721","post","type-post","status-publish","format-standard","has-post-thumbnail","hentry","category-politica"],"jetpack_publicize_connections":[],"_links":{"self":[{"href":"https:\/\/diariorepublica.com.ar\/web\/index.php\/wp-json\/wp\/v2\/posts\/9721"}],"collection":[{"href":"https:\/\/diariorepublica.com.ar\/web\/index.php\/wp-json\/wp\/v2\/posts"}],"about":[{"href":"https:\/\/diariorepublica.com.ar\/web\/index.php\/wp-json\/wp\/v2\/types\/post"}],"author":[{"embeddable":true,"href":"https:\/\/diariorepublica.com.ar\/web\/index.php\/wp-json\/wp\/v2\/users\/2"}],"replies":[{"embeddable":true,"href":"https:\/\/diariorepublica.com.ar\/web\/index.php\/wp-json\/wp\/v2\/comments?post=9721"}],"version-history":[{"count":1,"href":"https:\/\/diariorepublica.com.ar\/web\/index.php\/wp-json\/wp\/v2\/posts\/9721\/revisions"}],"predecessor-version":[{"id":9723,"href":"https:\/\/diariorepublica.com.ar\/web\/index.php\/wp-json\/wp\/v2\/posts\/9721\/revisions\/9723"}],"wp:featuredmedia":[{"embeddable":true,"href":"https:\/\/diariorepublica.com.ar\/web\/index.php\/wp-json\/wp\/v2\/media\/9722"}],"wp:attachment":[{"href":"https:\/\/diariorepublica.com.ar\/web\/index.php\/wp-json\/wp\/v2\/media?parent=9721"}],"wp:term":[{"taxonomy":"category","embeddable":true,"href":"https:\/\/diariorepublica.com.ar\/web\/index.php\/wp-json\/wp\/v2\/categories?post=9721"},{"taxonomy":"post_tag","embeddable":true,"href":"https:\/\/diariorepublica.com.ar\/web\/index.php\/wp-json\/wp\/v2\/tags?post=9721"}],"curies":[{"name":"wp","href":"https:\/\/api.w.org\/{rel}","templated":true}]}}