{"id":9724,"date":"2023-11-21T09:46:59","date_gmt":"2023-11-21T12:46:59","guid":{"rendered":"https:\/\/diariorepublica.com.ar\/web\/?p=9724"},"modified":"2023-11-21T09:47:01","modified_gmt":"2023-11-21T12:47:01","slug":"elijamos-velar-por-los-derechos-de-nuestras-infancias-y-adolescencias","status":"publish","type":"post","link":"https:\/\/diariorepublica.com.ar\/web\/index.php\/sociedad\/2023\/11\/21\/elijamos-velar-por-los-derechos-de-nuestras-infancias-y-adolescencias\/","title":{"rendered":"\u00abElijamos velar por los derechos de nuestras infancias y adolescencias\u201d"},"content":{"rendered":"<p>En el marco del D\u00eda Mundial para la Prevenci\u00f3n del Abuso Sexual en contra de Ni\u00f1os, Ni\u00f1as y Adolescentes que se celebra el 19 de noviembre y el 34\u00b0 aniversario de la Declaraci\u00f3n de los Derechos de Ni\u00f1os Ni\u00f1as y Adolescentes el 20 de noviembre, la Red Infancia Robada &#8211; Foro Catamarca pidi\u00f3 que \u201cElijamos velar por los derechos de nuestras infancias y adolescencias\u201d.<\/p>\n<p>Este 19 de noviembre es una fecha que a nivel internacional se estableci\u00f3 como un d\u00eda de lucha, que busca visibilizar una realidad que afecta cotidianamente a ni\u00f1os, ni\u00f1as y adolescentes en el mundo entero.<\/p>\n<p>\u201cLa atenci\u00f3n electoral se contrapone con la realidad de cientos de miles de ni\u00f1os y adolescentes que conviven en un ambiente de abusos de todo tipo, entre ellos, el sexual. Ni\u00f1os y adolescentes que padecen hambre y, seguramente como en muchas ocasiones, hoy se acostar\u00e1n nuevamente con la panza vac\u00eda. La realidad nos habla de los sucesos diarios en las comunidades ind\u00edgenas y en sus adyacencias, donde ni\u00f1os y ni\u00f1as son v\u00edctimas de la brutalidad del \u201cchineo\u201d, que es el abuso sexual sistem\u00e1tico que padecen en manos de los \u201ccriollos\u201d, hombres adultos con poder econ\u00f3mico y pol\u00edtico\u201d, manifestaron y agregaron: \u201cEste 19N, hacemos el llamado para que como sociedad evitemos continuar naturalizando, con nuestra indiferencia, el padecimiento de las comunidades originarias en la historia de sus hijas desde sus primeros a\u00f1os, historias que son comunes en diversas latitudes de nuestro pa\u00eds, historias que se repiten en nuestros entornos m\u00e1s cercanos\u201d.<\/p>\n<p>La organizaci\u00f3n, que vela por los derechos humanos de las infancias y las adolescencias, propuso reflexionar sobre el flagelo del abuso sexual: \u201cProponemos por un momento mirar el mundo con los ojos de los ni\u00f1os, que son quienes m\u00e1s padecen los efectos de las coyunturas de falencias en las pol\u00edticas p\u00fablicas y especialmente las crisis, sobre todo las econ\u00f3micas. Los nervios de los adultos sin empleo, donde la inflaci\u00f3n genera que en cientos de hogares los recursos no alcancen para garantizar alimentaci\u00f3n, medicina, indumentaria o techo, mirar, por un momento, con ojos de ni\u00f1os y ni\u00f1as. Ellos, que son receptores pasivos de los errores de los adultos y de la sociedad toda en un sistema de corresponsabilidades que a\u00fan no alcanz\u00f3 a movilizarse, dejando de lado la indiferencia\u201d.<\/p>\n<p>De igual manera, se conmemora un nuevo aniversario de la Convenci\u00f3n de los Derechos de Ni\u00f1os, Ni\u00f1as y Adolescentes, en una nueva jornada de reflexi\u00f3n desde d\u00f3nde aportar para contribuir a modificar la realidad de las infancias. Al respecto, expresaron que es necesario \u201cInvolucrarnos en sus tem\u00e1ticas, que debemos asumir colectivamente en la familia, la escuela, las ONG, clubes deportivos y otros espacios de interacci\u00f3n. Acompa\u00f1emos a hacer su d\u00eda a d\u00eda m\u00e1s amigable y respetuoso\u201d.<\/p>\n<p>\u201cRenovamos nuestro compromiso de aporte desde la Sociedad Civil e invitamos a nuestras comunidades a comprometerse con la protecci\u00f3n de los ni\u00f1os, diciendo \u2018basta del silencio c\u00f3mplice\u2019. Nos atrevamos a mirarlos con los ojos del coraz\u00f3n, e involucrarnos en su resguardo\u201d, manifestaron.<\/p>\n","protected":false},"excerpt":{"rendered":"<p>En el marco del D\u00eda Mundial para la Prevenci\u00f3n del Abuso Sexual en contra de Ni\u00f1os, Ni\u00f1as y Adolescentes que<\/p>\n","protected":false},"author":2,"featured_media":9725,"comment_status":"closed","ping_status":"closed","sticky":false,"template":"","format":"standard","meta":{"footnotes":"","jetpack_publicize_message":"","jetpack_publicize_feature_enabled":true,"jetpack_social_post_already_shared":true,"jetpack_social_options":{"image_generator_settings":{"template":"highway","enabled":false},"version":2}},"categories":[3],"tags":[],"class_list":["post-9724","post","type-post","status-publish","format-standard","has-post-thumbnail","hentry","category-sociedad"],"jetpack_publicize_connections":[],"_links":{"self":[{"href":"https:\/\/diariorepublica.com.ar\/web\/index.php\/wp-json\/wp\/v2\/posts\/9724"}],"collection":[{"href":"https:\/\/diariorepublica.com.ar\/web\/index.php\/wp-json\/wp\/v2\/posts"}],"about":[{"href":"https:\/\/diariorepublica.com.ar\/web\/index.php\/wp-json\/wp\/v2\/types\/post"}],"author":[{"embeddable":true,"href":"https:\/\/diariorepublica.com.ar\/web\/index.php\/wp-json\/wp\/v2\/users\/2"}],"replies":[{"embeddable":true,"href":"https:\/\/diariorepublica.com.ar\/web\/index.php\/wp-json\/wp\/v2\/comments?post=9724"}],"version-history":[{"count":1,"href":"https:\/\/diariorepublica.com.ar\/web\/index.php\/wp-json\/wp\/v2\/posts\/9724\/revisions"}],"predecessor-version":[{"id":9726,"href":"https:\/\/diariorepublica.com.ar\/web\/index.php\/wp-json\/wp\/v2\/posts\/9724\/revisions\/9726"}],"wp:featuredmedia":[{"embeddable":true,"href":"https:\/\/diariorepublica.com.ar\/web\/index.php\/wp-json\/wp\/v2\/media\/9725"}],"wp:attachment":[{"href":"https:\/\/diariorepublica.com.ar\/web\/index.php\/wp-json\/wp\/v2\/media?parent=9724"}],"wp:term":[{"taxonomy":"category","embeddable":true,"href":"https:\/\/diariorepublica.com.ar\/web\/index.php\/wp-json\/wp\/v2\/categories?post=9724"},{"taxonomy":"post_tag","embeddable":true,"href":"https:\/\/diariorepublica.com.ar\/web\/index.php\/wp-json\/wp\/v2\/tags?post=9724"}],"curies":[{"name":"wp","href":"https:\/\/api.w.org\/{rel}","templated":true}]}}