{"id":9791,"date":"2023-11-23T07:25:16","date_gmt":"2023-11-23T10:25:16","guid":{"rendered":"https:\/\/diariorepublica.com.ar\/web\/?p=9791"},"modified":"2023-11-23T07:25:18","modified_gmt":"2023-11-23T10:25:18","slug":"capital-para-tu-desarrollo-taller-de-cierre-con-las-empresas-seleccionadas","status":"publish","type":"post","link":"https:\/\/diariorepublica.com.ar\/web\/index.php\/sociedad\/2023\/11\/23\/capital-para-tu-desarrollo-taller-de-cierre-con-las-empresas-seleccionadas\/","title":{"rendered":"Capital para Tu Desarrollo: taller de cierre con las empresas seleccionadas"},"content":{"rendered":"<p>Con una importante participaci\u00f3n de las microempresas seleccionadas, la Direcci\u00f3n de Desarrollo Econ\u00f3mico, a trav\u00e9s del Centro de Asistencia y Desarrollo Empresarial (CADE), realiz\u00f3 el cierre del ciclo de asistencia t\u00e9cnica y capacitaci\u00f3n de la sexta edici\u00f3n del programa municipal \u201cCapital para Tu Desarrollo\u201d.<\/p>\n<p>la ejecuci\u00f3n del programa implic\u00f3 un acompa\u00f1amiento integral: visitas personalizadas, diagn\u00f3stico, plan de acci\u00f3n dise\u00f1ado a medida en articulaci\u00f3n con el Instituto Nacional de Tecnolog\u00eda Industrial (INTI), y un aporte dinerario no reembolsable. entre los rubros que participaron, se encuentran: gastronom\u00eda, textiles, servicios profesionales, carpinter\u00eda, industrias culturales, entre otras.<\/p>\n<p><img loading=\"lazy\" decoding=\"async\" class=\"wp-image-12166 aligncenter td-animation-stack-type0-2\" src=\"https:\/\/www.catamarcaciudad.gob.ar\/wp-content\/uploads\/WhatsApp-Image-2023-11-22-at-10.40.14-1-225x300.jpeg\" sizes=\"(max-width: 500px) 100vw, 500px\" srcset=\"https:\/\/www.catamarcaciudad.gob.ar\/wp-content\/uploads\/WhatsApp-Image-2023-11-22-at-10.40.14-1-225x300.jpeg 225w, https:\/\/www.catamarcaciudad.gob.ar\/wp-content\/uploads\/WhatsApp-Image-2023-11-22-at-10.40.14-1-768x1024.jpeg 768w, https:\/\/www.catamarcaciudad.gob.ar\/wp-content\/uploads\/WhatsApp-Image-2023-11-22-at-10.40.14-1-1152x1536.jpeg 1152w, https:\/\/www.catamarcaciudad.gob.ar\/wp-content\/uploads\/WhatsApp-Image-2023-11-22-at-10.40.14-1-1536x2048.jpeg 1536w, https:\/\/www.catamarcaciudad.gob.ar\/wp-content\/uploads\/WhatsApp-Image-2023-11-22-at-10.40.14-1-696x928.jpeg 696w, https:\/\/www.catamarcaciudad.gob.ar\/wp-content\/uploads\/WhatsApp-Image-2023-11-22-at-10.40.14-1-1068x1424.jpeg 1068w, https:\/\/www.catamarcaciudad.gob.ar\/wp-content\/uploads\/WhatsApp-Image-2023-11-22-at-10.40.14-1-315x420.jpeg 315w, https:\/\/www.catamarcaciudad.gob.ar\/wp-content\/uploads\/WhatsApp-Image-2023-11-22-at-10.40.14-1-scaled.jpeg 1920w\" alt=\"\" width=\"500\" height=\"667\" \/><\/p>\n<p>Desde el inicio de este programa municipal, fueron seleccionadas y acompa\u00f1adas m\u00e1s 180 empresas; \u00ab<em>Pasamos de ser emprendedores, a una empresa. consideramos que hoy tenemos esa seguridad y esa confianza de que somos una empresa y que vamos pensando en grande<\/em>\u00bb expres\u00f3 Solana de Mi Rayito.<\/p>\n<p>haciendo un balance del programa, la administradora del CADE subray\u00f3 la necesidad de incorporar las propuestas realizadas por las empresas participantes como insumo para la mejora continua.<\/p>\n<p>en cuanto a las perspectivas para futuras ediciones, la directora de Desarrollo Econ\u00f3mico expres\u00f3 la importancia del dise\u00f1o de programas a medidas a partir del reconocimiento de la complejidad en las cuales se desenvuelven las microempresas catamarque\u00f1as.<\/p>\n","protected":false},"excerpt":{"rendered":"<p>Con una importante participaci\u00f3n de las microempresas seleccionadas, la Direcci\u00f3n de Desarrollo Econ\u00f3mico, a trav\u00e9s del Centro de Asistencia y<\/p>\n","protected":false},"author":1,"featured_media":9792,"comment_status":"closed","ping_status":"closed","sticky":false,"template":"","format":"standard","meta":{"footnotes":"","jetpack_publicize_message":"","jetpack_publicize_feature_enabled":true,"jetpack_social_post_already_shared":true,"jetpack_social_options":{"image_generator_settings":{"template":"highway","enabled":false},"version":2}},"categories":[3],"tags":[],"class_list":["post-9791","post","type-post","status-publish","format-standard","has-post-thumbnail","hentry","category-sociedad"],"jetpack_publicize_connections":[],"_links":{"self":[{"href":"https:\/\/diariorepublica.com.ar\/web\/index.php\/wp-json\/wp\/v2\/posts\/9791"}],"collection":[{"href":"https:\/\/diariorepublica.com.ar\/web\/index.php\/wp-json\/wp\/v2\/posts"}],"about":[{"href":"https:\/\/diariorepublica.com.ar\/web\/index.php\/wp-json\/wp\/v2\/types\/post"}],"author":[{"embeddable":true,"href":"https:\/\/diariorepublica.com.ar\/web\/index.php\/wp-json\/wp\/v2\/users\/1"}],"replies":[{"embeddable":true,"href":"https:\/\/diariorepublica.com.ar\/web\/index.php\/wp-json\/wp\/v2\/comments?post=9791"}],"version-history":[{"count":1,"href":"https:\/\/diariorepublica.com.ar\/web\/index.php\/wp-json\/wp\/v2\/posts\/9791\/revisions"}],"predecessor-version":[{"id":9793,"href":"https:\/\/diariorepublica.com.ar\/web\/index.php\/wp-json\/wp\/v2\/posts\/9791\/revisions\/9793"}],"wp:featuredmedia":[{"embeddable":true,"href":"https:\/\/diariorepublica.com.ar\/web\/index.php\/wp-json\/wp\/v2\/media\/9792"}],"wp:attachment":[{"href":"https:\/\/diariorepublica.com.ar\/web\/index.php\/wp-json\/wp\/v2\/media?parent=9791"}],"wp:term":[{"taxonomy":"category","embeddable":true,"href":"https:\/\/diariorepublica.com.ar\/web\/index.php\/wp-json\/wp\/v2\/categories?post=9791"},{"taxonomy":"post_tag","embeddable":true,"href":"https:\/\/diariorepublica.com.ar\/web\/index.php\/wp-json\/wp\/v2\/tags?post=9791"}],"curies":[{"name":"wp","href":"https:\/\/api.w.org\/{rel}","templated":true}]}}