{"id":9797,"date":"2023-11-23T07:30:00","date_gmt":"2023-11-23T10:30:00","guid":{"rendered":"https:\/\/diariorepublica.com.ar\/web\/?p=9797"},"modified":"2023-11-23T07:44:13","modified_gmt":"2023-11-23T10:44:13","slug":"el-gobierno-y-la-camara-de-la-construccion-aunaran-esfuerzos-para-seguir-con-la-obra-publica","status":"publish","type":"post","link":"https:\/\/diariorepublica.com.ar\/web\/index.php\/sociedad\/2023\/11\/23\/el-gobierno-y-la-camara-de-la-construccion-aunaran-esfuerzos-para-seguir-con-la-obra-publica\/","title":{"rendered":"El Gobierno y la C\u00e1mara de la Construcci\u00f3n aunar\u00e1n esfuerzos para seguir con la obra p\u00fablica"},"content":{"rendered":"<p>En un nuevo encuentro entre el gobernador Ra\u00fal Jalil y la C\u00e1mara de la Construcci\u00f3n Catamarca, encabezada por su presidenta Anah\u00ed D\u00edaz, se analiz\u00f3 la situaci\u00f3n actual y posibles mecanismos para dar continuidad a las obras p\u00fablicas en el territorio provincial.<\/p>\n<p>Anah\u00ed D\u00edaz expres\u00f3 que \u201cel encuentro fue para analizar la continuidad de las obras ante la incertidumbre que estamos atravesando por el contexto pol\u00edtico nacional\u201d. Catamarca tiene actualmente en marcha una significativa cantidad de obras a lo largo y ancho que tiene como \u00fanico objetivo mejorar la calidad de vida de las y los catamarque\u00f1os, adem\u00e1s de fomentar el desarrollo de los pueblos.<\/p>\n<p>Durante la reuni\u00f3n, los interlocutores coincidieron en que van a continuar con las obras en la medida de las posibilidades de las empresas y teniendo en cuenta la recaudaci\u00f3n por parte del Gobierno Provincial para hacer frente a los gastos.<\/p>\n<p>Asimismo, se acord\u00f3 una reuni\u00f3n de trabajo para el mes de diciembre donde se har\u00e1 una nueva evaluaci\u00f3n de la situaci\u00f3n.<\/p>\n<p>Del encuentro tambi\u00e9n participaron la ministra de Econom\u00eda, Alejandra Nazareno, y el ministro de Vivienda y Urbanizaci\u00f3n, Fidel S\u00e1enz.<\/p>\n","protected":false},"excerpt":{"rendered":"<p>En un nuevo encuentro entre el gobernador Ra\u00fal Jalil y la C\u00e1mara de la Construcci\u00f3n Catamarca, encabezada por su presidenta<\/p>\n","protected":false},"author":1,"featured_media":9799,"comment_status":"closed","ping_status":"closed","sticky":false,"template":"","format":"standard","meta":{"footnotes":"","jetpack_publicize_message":"","jetpack_publicize_feature_enabled":true,"jetpack_social_post_already_shared":true,"jetpack_social_options":{"image_generator_settings":{"template":"highway","enabled":false},"version":2}},"categories":[3],"tags":[],"class_list":["post-9797","post","type-post","status-publish","format-standard","has-post-thumbnail","hentry","category-sociedad"],"jetpack_publicize_connections":[],"_links":{"self":[{"href":"https:\/\/diariorepublica.com.ar\/web\/index.php\/wp-json\/wp\/v2\/posts\/9797"}],"collection":[{"href":"https:\/\/diariorepublica.com.ar\/web\/index.php\/wp-json\/wp\/v2\/posts"}],"about":[{"href":"https:\/\/diariorepublica.com.ar\/web\/index.php\/wp-json\/wp\/v2\/types\/post"}],"author":[{"embeddable":true,"href":"https:\/\/diariorepublica.com.ar\/web\/index.php\/wp-json\/wp\/v2\/users\/1"}],"replies":[{"embeddable":true,"href":"https:\/\/diariorepublica.com.ar\/web\/index.php\/wp-json\/wp\/v2\/comments?post=9797"}],"version-history":[{"count":1,"href":"https:\/\/diariorepublica.com.ar\/web\/index.php\/wp-json\/wp\/v2\/posts\/9797\/revisions"}],"predecessor-version":[{"id":9800,"href":"https:\/\/diariorepublica.com.ar\/web\/index.php\/wp-json\/wp\/v2\/posts\/9797\/revisions\/9800"}],"wp:featuredmedia":[{"embeddable":true,"href":"https:\/\/diariorepublica.com.ar\/web\/index.php\/wp-json\/wp\/v2\/media\/9799"}],"wp:attachment":[{"href":"https:\/\/diariorepublica.com.ar\/web\/index.php\/wp-json\/wp\/v2\/media?parent=9797"}],"wp:term":[{"taxonomy":"category","embeddable":true,"href":"https:\/\/diariorepublica.com.ar\/web\/index.php\/wp-json\/wp\/v2\/categories?post=9797"},{"taxonomy":"post_tag","embeddable":true,"href":"https:\/\/diariorepublica.com.ar\/web\/index.php\/wp-json\/wp\/v2\/tags?post=9797"}],"curies":[{"name":"wp","href":"https:\/\/api.w.org\/{rel}","templated":true}]}}