{"id":98,"date":"2023-03-14T04:12:38","date_gmt":"2023-03-14T04:12:38","guid":{"rendered":"https:\/\/diariorepublica.com.ar\/web\/?p=98"},"modified":"2023-03-14T04:12:39","modified_gmt":"2023-03-14T04:12:39","slug":"la-comision-de-diputados-analiza-pedir-desafuero-de-stornelli-si-no-se-presenta","status":"publish","type":"post","link":"https:\/\/diariorepublica.com.ar\/web\/index.php\/politica\/2023\/03\/14\/la-comision-de-diputados-analiza-pedir-desafuero-de-stornelli-si-no-se-presenta\/","title":{"rendered":"La comisi\u00f3n de Diputados analiza pedir desafuero de Stornelli si no se presenta"},"content":{"rendered":"\n<p>Esta semana la comisi\u00f3n presidida por la diputada Carolina Gaillard espera que el martes pr\u00f3ximo se haga presente el fiscal Stornelli para realizar su exposici\u00f3n.<\/p>\n\n\n\n<figure class=\"wp-block-image size-full\"><img loading=\"lazy\" decoding=\"async\" width=\"900\" height=\"506\" src=\"https:\/\/diariorepublica.com.ar\/web\/wp-content\/uploads\/2023\/03\/stornelli.jpg\" alt=\"\" class=\"wp-image-99\" srcset=\"https:\/\/diariorepublica.com.ar\/web\/wp-content\/uploads\/2023\/03\/stornelli.jpg 900w, https:\/\/diariorepublica.com.ar\/web\/wp-content\/uploads\/2023\/03\/stornelli-300x169.jpg 300w, https:\/\/diariorepublica.com.ar\/web\/wp-content\/uploads\/2023\/03\/stornelli-768x432.jpg 768w\" sizes=\"(max-width: 900px) 100vw, 900px\" \/><\/figure>\n\n\n\n<p>Se espera que el fiscal Stornelli se presente ante la comisi\u00f3n &#8211; eldiariodecatamarca.com.ar<\/p>\n\n\n\n<p>La Comisi\u00f3n de Juicio Pol\u00edtico de la C\u00e1mara de Diputados volvi\u00f3 a citar para el pr\u00f3ximo martes al fiscal Carlos Stornelli, quien no concurri\u00f3 la semana pasada a exponer ante ese cuerpo, y en caso de que el funcionario judicial decida no asistir, el oficialismo no descarta impulsar su desafuero para hacerlo comparecer por la fuerza p\u00fablica, en el marco del proceso de remoci\u00f3n a integrantes de la Corte Suprema que se sigue en la c\u00e1mara baja.<\/p>\n\n\n\n<p>En caso de Stornelli vuelva a ausentarse, la comisi\u00f3n que preside Carolina Gaillard (FDTR-Entre R\u00edos) continuar\u00e1 de todas formas con el proceso contra el m\u00e1ximo tribunal y el testimonio de nuevos invitados a exponer ante ese cuerpo, que abri\u00f3 a fines de enero una investigaci\u00f3n sobre el accionar de los magistrados (Horacio Rosatti, Carlos Rosenkrantz, Juan Carlos Maqueda y Ricardo Lorenzetti) que componen el m\u00e1ximo tribunal.<\/p>\n\n\n\n<p>Para esta semana, y de acuerdo al cronograma acordado, la Comisi\u00f3n seguir\u00e1 con la exposici\u00f3n de funcionarios de las secretar\u00edas de la Corte y luego diagramar\u00e1 los testimonios dividi\u00e9ndolos en funci\u00f3n de los principales expedientes que se analizan.<\/p>\n\n\n\n<p>Se trata de la causa del \u00ab2&#215;1\u00bb, la derogaci\u00f3n de la ley del Consejo de la Magistratura y la reposici\u00f3n de la anterior derogada en 2006 y la causa por la coparticipaci\u00f3n de la ciudad de Buenos Aires, seg\u00fan se acord\u00f3.<\/p>\n\n\n\n<p>En ese marco, fueron citados adem\u00e1s de Stornelli, los abogados Juan Manuel Olima Espel (Secretario Institucional de la Procuraci\u00f3n General de la Naci\u00f3n); Marcelo Mazzeo (abogado), Sebasti\u00e1n Garay (Secretar\u00eda de Juicios Originarios de la Corte) y Natalia Hilda Monayer (Vocal\u00eda del presidente de la Corte, Horacio Rosatti).<\/p>\n\n\n\n<p>El proceso de remoci\u00f3n de la Corte, impulsado por el presidente Alberto Fern\u00e1ndez y una docena de gobernadores, busca avanzar en la acumulaci\u00f3n de pruebas.<\/p>\n\n\n\n<p>La decisi\u00f3n de volver a citar a Stornelli se adopt\u00f3 el martes pasado, durante la \u00faltima reuni\u00f3n de la Comisi\u00f3n de Juicio Pol\u00edtico de Diputados, que se extendi\u00f3 por m\u00e1s de siete horas.<\/p>\n\n\n\n<p>En aquella oportunidad expusieron el extitular de la Unidad Especial de Investigaci\u00f3n del Atentado a AMIA y exsenador radical Mario Cimadevilla y los letrados Sergio N\u00e1poli y Gustavo Naveira, de las Secretarias Judiciales 4 y 7 de la Corte Suprema.<\/p>\n\n\n\n<p>Stornelli hab\u00eda sido convocado como testigo para que explique los motivos por los que pidi\u00f3 el cierre de la causa que hab\u00eda sido iniciada para investigar los presuntos chats filtrados entre Silvio Robles (estrecho colaborador del presidente del tribunal, Horacio Rosatti) y el ministro de Seguridad y Justicia porte\u00f1o, Marcelo D&#8217;Alessandro, quien se encuentra en uso de licencia como consecuencia de la difusi\u00f3n de esas conversaciones.<\/p>\n\n\n\n<p>El planteo del oficialismo para volver a citar a Stornelli fue sometido a votaci\u00f3n en la comisi\u00f3n y aprobado por 16 votos contra 14 de JxC.<\/p>\n\n\n\n<p>\u00abSi no comparece deberemos iniciar un procedimiento de desafuero para poder traerlo por la fuerza p\u00fablica\u00bb, asegur\u00f3 Gaillard en la \u00faltima reuni\u00f3n de la comisi\u00f3n al referirse a la situaci\u00f3n del fiscal federal.<\/p>\n\n\n\n<p>Y agreg\u00f3: \u00abConsideramos que Stornelli tiene que venir a declarar de manera presencial. Vamos a volver a citarlo nuevamente\u00bb, anunci\u00f3 la titular de la Comisi\u00f3n, al rechazar el planteo del fiscal para declarar por escrito.<\/p>\n\n\n\n<p>La notificaci\u00f3n para que Stornelli compareciera en el Congreso le lleg\u00f3 el mi\u00e9rcoles 1 de marzo y all\u00ed se le cit\u00f3 el pasaje del reglamento de la Comisi\u00f3n de Juicio Pol\u00edtico en el que se aclara que su asistencia \u00abno es opcional\u00bb.<\/p>\n\n\n\n<p>En funci\u00f3n de esta normativa, el funcionario del Ministerio P\u00fablico no puede acogerse a la excepci\u00f3n que prev\u00e9 el C\u00f3digo Procesal Penal para los magistrados, quienes est\u00e1n habilitados a declarar por escrito o desde sus lugares de trabajo.<\/p>\n\n\n\n<p>\u00abLos magistrados y funcionarios indicados en el art\u00edculo 250 del C\u00f3digo Procesal Penal, con excepci\u00f3n del presidente y vicepresidente de la Naci\u00f3n y los gobernadores y vicegobernadores de las provincias, estar\u00e1n igualmente obligados a comparecer ante la Comisi\u00f3n (de Juicio Pol\u00edtico) a testimoniar\u00bb, reza el reglamento que se cit\u00f3 para formular esta convocatoria.<\/p>\n\n\n\n<p>El planteo del oficialismo para volver a citar a Stornelli fue sometido a votaci\u00f3n en la comisi\u00f3n y aprobado por 16 votos contra 14 de JxC.<\/p>\n\n\n\n<p>El eventual segundo &#8216;faltazo&#8217; de Stornelli ante la comisi\u00f3n de Juicio Pol\u00edtico repetir\u00e1 una pr\u00e1ctica a la que el fiscal ya recurri\u00f3 ante una convocatoria a declarar cuando no se presentaba a las citaciones del entonces juez federal de Dolores, Alejo Ramos Padilla, para indagarlo en el marco del denominado &#8216;caso D&#8217;Alessio&#8217;.<\/p>\n\n\n\n<p>En esa causa &#8211;en la que era investigado el falso abogado Marcelo D&#8217; Alessio por extorsi\u00f3n y espionaje ilegal&#8211; el fiscal fue convocado por un juez y no por el Congreso y la citaci\u00f3n era como imputado y no como testigo.<\/p>\n\n\n\n<p>Despu\u00e9s de seis llamados, el fiscal compareci\u00f3 ante Ramos Padilla, quien finalmente lo procesar\u00eda por presenta asociaci\u00f3n il\u00edcita en funci\u00f3n de sus v\u00ednculos con D&#8217;Alessio.<\/p>\n\n\n\n<p>Fuente: T\u00e9lam<\/p>\n","protected":false},"excerpt":{"rendered":"<p>Esta semana la comisi\u00f3n presidida por la diputada Carolina Gaillard espera que el martes pr\u00f3ximo se haga presente el fiscal<\/p>\n","protected":false},"author":1,"featured_media":99,"comment_status":"open","ping_status":"open","sticky":false,"template":"","format":"standard","meta":{"footnotes":"","jetpack_publicize_message":"","jetpack_publicize_feature_enabled":true,"jetpack_social_post_already_shared":false,"jetpack_social_options":{"image_generator_settings":{"template":"highway","enabled":false},"version":2}},"categories":[12],"tags":[],"class_list":["post-98","post","type-post","status-publish","format-standard","has-post-thumbnail","hentry","category-politica"],"jetpack_publicize_connections":[],"_links":{"self":[{"href":"https:\/\/diariorepublica.com.ar\/web\/index.php\/wp-json\/wp\/v2\/posts\/98"}],"collection":[{"href":"https:\/\/diariorepublica.com.ar\/web\/index.php\/wp-json\/wp\/v2\/posts"}],"about":[{"href":"https:\/\/diariorepublica.com.ar\/web\/index.php\/wp-json\/wp\/v2\/types\/post"}],"author":[{"embeddable":true,"href":"https:\/\/diariorepublica.com.ar\/web\/index.php\/wp-json\/wp\/v2\/users\/1"}],"replies":[{"embeddable":true,"href":"https:\/\/diariorepublica.com.ar\/web\/index.php\/wp-json\/wp\/v2\/comments?post=98"}],"version-history":[{"count":1,"href":"https:\/\/diariorepublica.com.ar\/web\/index.php\/wp-json\/wp\/v2\/posts\/98\/revisions"}],"predecessor-version":[{"id":100,"href":"https:\/\/diariorepublica.com.ar\/web\/index.php\/wp-json\/wp\/v2\/posts\/98\/revisions\/100"}],"wp:featuredmedia":[{"embeddable":true,"href":"https:\/\/diariorepublica.com.ar\/web\/index.php\/wp-json\/wp\/v2\/media\/99"}],"wp:attachment":[{"href":"https:\/\/diariorepublica.com.ar\/web\/index.php\/wp-json\/wp\/v2\/media?parent=98"}],"wp:term":[{"taxonomy":"category","embeddable":true,"href":"https:\/\/diariorepublica.com.ar\/web\/index.php\/wp-json\/wp\/v2\/categories?post=98"},{"taxonomy":"post_tag","embeddable":true,"href":"https:\/\/diariorepublica.com.ar\/web\/index.php\/wp-json\/wp\/v2\/tags?post=98"}],"curies":[{"name":"wp","href":"https:\/\/api.w.org\/{rel}","templated":true}]}}