{"id":9824,"date":"2023-11-24T07:34:27","date_gmt":"2023-11-24T10:34:27","guid":{"rendered":"https:\/\/diariorepublica.com.ar\/web\/?p=9824"},"modified":"2023-11-24T07:34:29","modified_gmt":"2023-11-24T10:34:29","slug":"el-sueldo-de-los-diputados-crecio-mas-del-800-segun-el-sorteo-de-milei","status":"publish","type":"post","link":"https:\/\/diariorepublica.com.ar\/web\/index.php\/nacionales\/2023\/11\/24\/el-sueldo-de-los-diputados-crecio-mas-del-800-segun-el-sorteo-de-milei\/","title":{"rendered":"El sueldo de los diputados creci\u00f3 m\u00e1s del 800%, seg\u00fan el sorteo de Milei"},"content":{"rendered":"<div class=\"small-12\">\n<div class=\"main_media_container\">\n<div class=\"e-post-loading\">\n<div class=\"e-spinner\">\n<div class=\"rect1\"><\/div>\n<\/div>\n<\/div>\n<\/div>\n<\/div>\n<div class=\"small-12 medium-12 large-12 columns \">\n<div class=\"e-post-text\">\n<p>El presidente electo, Javier Milei, contin\u00faa llevando adelante su iniciativa que contempla\u00a0sortear su dieta de diputado entre los que se inscriban en la p\u00e1gina web\u00a0a la que llam\u00f3 \u00abMi Palabra\u00bb.<\/p>\n<p>La propuesta del libertario, que ya cuenta con 23 ganadores, comenz\u00f3 en 2019 cuando inici\u00f3 su per\u00edodo como legislador de la c\u00e1mara baja. Sin embargo, dej\u00f3 a muchos sorprendidos por\u00a0<strong>el nivel de actualizaciones de sus haberes,<\/strong>\u00a0lo que refleja la l\u00ednea de aumentos salariales que obtuvieron sus pares del cuerpo legislativo.<\/p>\n<h6>Cu\u00e1nto creci\u00f3 el sueldo de un diputado, seg\u00fan el sorteo de Milei<\/h6>\n<p>Hace 23 meses, el ganador del balotaje dio a conocer su disruptiva iniciativa.\u00a0En enero de 2019,\u00a0<strong>el premio que ofrec\u00eda era de 205.000 pesos. Mientras que hoy, 23 de noviembre de 2023, ese monto es de 1.762.859 pesos.<\/strong>\u00a0La actualizaci\u00f3n entonces, haciendo un simple c\u00e1lculo, refleja una suba de casi un 860% en poco m\u00e1s de un a\u00f1o y medio.<\/p>\n<p>Vale destacar que\u00a0la \u00faltima paritaria de los empleados del Congreso\u00a0contemplaba un aumento anual del 118% a pagarse en tres tramos. Sin embargo, el monto que sortea el economista parece superar por lejos esa l\u00ednea.<\/p>\n<p>Vale tener en cuenta que a los salarios b\u00e1sicos de cualquier gremio se le suman adicionales por antig\u00fcedad u otros factores.<\/p>\n<h6>\u00bfQu\u00e9 dice la paritaria de empleados del Congreso?<\/h6>\n<p>Si bien las gestiones se ven\u00edan llevando desde hace un par de d\u00edas, r\u00e1pidamente se lleg\u00f3 a un acuerdo entre las partes y el\u00a0<strong>personal del Congreso de la naci\u00f3n cerr\u00f3<\/strong>\u00a0un\u00a0<strong>aumento salarial de 118% en tres tramos<\/strong>\u00a0hasta fin de a\u00f1o. Despu\u00e9s de conocida la precandidatura presidencial de\u00a0<strong>Sergio Massa\u00a0<\/strong>y\u00a0<strong>Agust\u00edn Rossi\u00a0<\/strong>y el acto que el ministro de Econom\u00eda realiz\u00f3 con la vicepresidenta\u00a0<strong>Cristina Kirchner<\/strong>, el acuerdo se puede leer como la intenci\u00f3n de una mejora en los ingresos para los trabajadores\u00a0en el medio de\u00a0los altos \u00edndices inflacionarios.<\/p>\n<p>Las tratativas ve\u00edan desarrollando desde hace un par de semanas entre las autoridades de las C\u00e1maras de Senadores (Cristina Fern\u00e1ndez) y de Diputados (Cecilia Moreau) con los representantes gremiales de la Asociaci\u00f3n del Personal Legislativo\u00a0(APL) y las delegaciones del Congreso de la\u00a0Uni\u00f3n del Personal Civil de la Naci\u00f3n\u00a0(UPCN) y la\u00a0Asociaci\u00f3n de Trabajadores del Estado\u00a0(ATE).<\/p>\n<p>Vale recordar que la vicepresidenta y el propio Massa utilizaron la paritaria de los legislativos como una tendencia en porcentajes de cara a las\u00a0<strong>duras negociaciones salariales\u00a0<\/strong>que se ven\u00edan llevando el a\u00f1o pasado, tanto en el sector privado como en el p\u00fablico, donde persiste un conflicto con ATE, gremio al que virtualmente se lo excluy\u00f3 de la \u00faltima discusi\u00f3n de la administraci\u00f3n p\u00fablica nacional.<\/p>\n<p><strong>La mejora salarial se fij\u00f3 en tres cuotas<\/strong>\u00a0que se liquidar\u00e1n de la siguiente manera:<\/p>\n<ul>\n<li>35 por ciento en julio (se cobr\u00f3 en agosto).<\/li>\n<li>35 por ciento en agosto (se cobra en septiembre).<\/li>\n<li>20 por ciento en noviembre (se cobrar\u00e1 en diciembre).<\/li>\n<\/ul>\n<p>Fuente:\u00a0iprofesional.com<\/p>\n<\/div>\n<\/div>\n","protected":false},"excerpt":{"rendered":"<p>El presidente electo, Javier Milei, contin\u00faa llevando adelante su iniciativa que contempla\u00a0sortear su dieta de diputado entre los que se<\/p>\n","protected":false},"author":1,"featured_media":9825,"comment_status":"closed","ping_status":"closed","sticky":false,"template":"","format":"standard","meta":{"footnotes":"","jetpack_publicize_message":"","jetpack_publicize_feature_enabled":true,"jetpack_social_post_already_shared":true,"jetpack_social_options":{"image_generator_settings":{"template":"highway","enabled":false},"version":2}},"categories":[4],"tags":[],"class_list":["post-9824","post","type-post","status-publish","format-standard","has-post-thumbnail","hentry","category-nacionales"],"jetpack_publicize_connections":[],"_links":{"self":[{"href":"https:\/\/diariorepublica.com.ar\/web\/index.php\/wp-json\/wp\/v2\/posts\/9824"}],"collection":[{"href":"https:\/\/diariorepublica.com.ar\/web\/index.php\/wp-json\/wp\/v2\/posts"}],"about":[{"href":"https:\/\/diariorepublica.com.ar\/web\/index.php\/wp-json\/wp\/v2\/types\/post"}],"author":[{"embeddable":true,"href":"https:\/\/diariorepublica.com.ar\/web\/index.php\/wp-json\/wp\/v2\/users\/1"}],"replies":[{"embeddable":true,"href":"https:\/\/diariorepublica.com.ar\/web\/index.php\/wp-json\/wp\/v2\/comments?post=9824"}],"version-history":[{"count":1,"href":"https:\/\/diariorepublica.com.ar\/web\/index.php\/wp-json\/wp\/v2\/posts\/9824\/revisions"}],"predecessor-version":[{"id":9826,"href":"https:\/\/diariorepublica.com.ar\/web\/index.php\/wp-json\/wp\/v2\/posts\/9824\/revisions\/9826"}],"wp:featuredmedia":[{"embeddable":true,"href":"https:\/\/diariorepublica.com.ar\/web\/index.php\/wp-json\/wp\/v2\/media\/9825"}],"wp:attachment":[{"href":"https:\/\/diariorepublica.com.ar\/web\/index.php\/wp-json\/wp\/v2\/media?parent=9824"}],"wp:term":[{"taxonomy":"category","embeddable":true,"href":"https:\/\/diariorepublica.com.ar\/web\/index.php\/wp-json\/wp\/v2\/categories?post=9824"},{"taxonomy":"post_tag","embeddable":true,"href":"https:\/\/diariorepublica.com.ar\/web\/index.php\/wp-json\/wp\/v2\/tags?post=9824"}],"curies":[{"name":"wp","href":"https:\/\/api.w.org\/{rel}","templated":true}]}}