{"id":9880,"date":"2023-11-27T09:32:35","date_gmt":"2023-11-27T12:32:35","guid":{"rendered":"https:\/\/diariorepublica.com.ar\/web\/?p=9880"},"modified":"2023-11-27T09:32:36","modified_gmt":"2023-11-27T12:32:36","slug":"jalil-inicia-una-semana-cargada-de-reuniones","status":"publish","type":"post","link":"https:\/\/diariorepublica.com.ar\/web\/index.php\/politica\/2023\/11\/27\/jalil-inicia-una-semana-cargada-de-reuniones\/","title":{"rendered":"Jalil inicia una semana cargada de reuniones"},"content":{"rendered":"<p>Para este lunes, el gobernador Ra\u00fal Jalil tiene previsto iniciar una serie de reuniones para estudiar y analizar la redistribuci\u00f3n de fondos en vistas de poder sostener las obras p\u00fablicas en marcha y analizar pedidos para pagar la \u00faltima cuota del aguinaldo. Hoy tendr\u00e1 la primera de estas reuniones, con los intendentes vinculados al radicalismo.<\/p>\n<p>La semana pasada se anticip\u00f3 que tambi\u00e9n mantendr\u00eda una reuni\u00f3n general con todos los intendentes, ya que el Ejecutivo ya recibi\u00f3 el pedido de distintos municipios que requirieron fondos para poder hacer frente al pago del aguinaldo en diciembre. Tambi\u00e9n se preven reuniones con autoridades de los otros Poderes del Estado y ma\u00f1ana martes con los gremios estatales.<\/p>\n<p>El Ejecutivo plantea una redistribuci\u00f3n de fondos \u00abpara poder sostener la ejecuci\u00f3n de viviendas y obras p\u00fablicas estrat\u00e9gicas en salud, agua, energ\u00eda, rutas, entre otras, que mejoren la calidad de vida de los catamarque\u00f1os\u00bb; y se plantear\u00e1 la distribuci\u00f3n de cr\u00e9ditos a las jurisdicciones municipales para que puedan finalizar obras p\u00fablicas y de servicios que tienen en ejecuci\u00f3n.<\/p>\n","protected":false},"excerpt":{"rendered":"<p>Para este lunes, el gobernador Ra\u00fal Jalil tiene previsto iniciar una serie de reuniones para estudiar y analizar la redistribuci\u00f3n<\/p>\n","protected":false},"author":2,"featured_media":9905,"comment_status":"closed","ping_status":"closed","sticky":false,"template":"","format":"standard","meta":{"footnotes":"","jetpack_publicize_message":"","jetpack_publicize_feature_enabled":true,"jetpack_social_post_already_shared":true,"jetpack_social_options":{"image_generator_settings":{"template":"highway","enabled":false},"version":2}},"categories":[12],"tags":[],"class_list":["post-9880","post","type-post","status-publish","format-standard","has-post-thumbnail","hentry","category-politica"],"jetpack_publicize_connections":[],"_links":{"self":[{"href":"https:\/\/diariorepublica.com.ar\/web\/index.php\/wp-json\/wp\/v2\/posts\/9880"}],"collection":[{"href":"https:\/\/diariorepublica.com.ar\/web\/index.php\/wp-json\/wp\/v2\/posts"}],"about":[{"href":"https:\/\/diariorepublica.com.ar\/web\/index.php\/wp-json\/wp\/v2\/types\/post"}],"author":[{"embeddable":true,"href":"https:\/\/diariorepublica.com.ar\/web\/index.php\/wp-json\/wp\/v2\/users\/2"}],"replies":[{"embeddable":true,"href":"https:\/\/diariorepublica.com.ar\/web\/index.php\/wp-json\/wp\/v2\/comments?post=9880"}],"version-history":[{"count":1,"href":"https:\/\/diariorepublica.com.ar\/web\/index.php\/wp-json\/wp\/v2\/posts\/9880\/revisions"}],"predecessor-version":[{"id":9906,"href":"https:\/\/diariorepublica.com.ar\/web\/index.php\/wp-json\/wp\/v2\/posts\/9880\/revisions\/9906"}],"wp:featuredmedia":[{"embeddable":true,"href":"https:\/\/diariorepublica.com.ar\/web\/index.php\/wp-json\/wp\/v2\/media\/9905"}],"wp:attachment":[{"href":"https:\/\/diariorepublica.com.ar\/web\/index.php\/wp-json\/wp\/v2\/media?parent=9880"}],"wp:term":[{"taxonomy":"category","embeddable":true,"href":"https:\/\/diariorepublica.com.ar\/web\/index.php\/wp-json\/wp\/v2\/categories?post=9880"},{"taxonomy":"post_tag","embeddable":true,"href":"https:\/\/diariorepublica.com.ar\/web\/index.php\/wp-json\/wp\/v2\/tags?post=9880"}],"curies":[{"name":"wp","href":"https:\/\/api.w.org\/{rel}","templated":true}]}}